{"id":16659,"date":"2017-03-03T15:29:40","date_gmt":"2017-03-03T15:29:40","guid":{"rendered":"https:\/\/portal.sma.gob.cl\/index.php\/2017\/03\/03\/sma-paraliza-obras-de-construccion-de-clinica-medica-por-alta-superacion-de-la-norma-de-ruido\/"},"modified":"2017-03-03T15:29:40","modified_gmt":"2017-03-03T15:29:40","slug":"sma-paraliza-obras-de-construccion-de-clinica-medica-por-alta-superacion-de-la-norma-de-ruido","status":"publish","type":"post","link":"https:\/\/portal.sma.gob.cl\/index.php\/sma-paraliza-obras-de-construccion-de-clinica-medica-por-alta-superacion-de-la-norma-de-ruido\/","title":{"rendered":"SMA paraliza obras de construcci\u00f3n de Cl\u00ednica M\u00e9dica por alta superaci\u00f3n de la norma de ruido"},"content":{"rendered":"<p style=\"text-align: justify;\"><strong><img decoding=\"async\" class=\"size-auto size-full wp-image-16658\" src=\"https:\/\/portal.sma.gob.cl\/wp-content\/uploads\/2017\/03\/antofa-medici%C3%B3n.jpg\" alt=\"antofa-medici\u00f3n\" width=\"760\" height=\"360\" \/><\/strong><\/p>\n<p style=\"text-align: justify;\"><strong>La medida se tom\u00f3 luego que se constatara en terreno una superaci\u00f3n de hasta 28 decibeles sobre el nivel sonoro permitido en el proyecto ubicado en la zona sur de Antofagasta.<\/strong><\/p>\n<p>  <!--more-->  <\/p>\n<p style=\"text-align: justify;\"><strong>Antofagasta, 3 de marzo de 2017.<\/strong> La SMA inici\u00f3 un procedimiento sancionatorio y aplic\u00f3 medidas provisionales en contra de la Inmobiliaria Centro M\u00e9dico Antofagasta, debido a ruidos que superaban ampliamente la normativa permitida, en la construcci\u00f3n de su Cl\u00ednica Materno Infantil emplazada en el sector Sur de Antofagasta.<\/p>\n<p style=\"text-align: justify;\">La Oficina Regional de la SMA recibi\u00f3 diversas denuncias relacionadas con esta actividad de construcci\u00f3n \u2013que comprende un edificio de 9 pisos, oficinas y estacionamientos-, llevando a cabo fiscalizaciones en horario diurno en viviendas colindantes a las obras, localizadas en la Avenida Brasil, sector centro-sur de Antofagasta, homologable a zona II seg\u00fan la Norma de Ruidos (D.S. N\u00b0 38\/2011). En esas inspecciones se encontr\u00f3 una superaci\u00f3n de 28 decibeles respecto de lo permitido para el \u00e1rea.<\/p>\n<p style=\"text-align: justify;\">En este caso, en las denuncias se incluy\u00f3 el testimonio de trabajadores de consultas m\u00e9dicas y dentales de la zona, quienes indicaron ver en riesgo su salud producto de las faenas constructivas, presentando certificados m\u00e9dicos que daban cuenta del incremento de afecciones m\u00e9dicas, tanto f\u00edsicas como mentales, relacionadas a la exposici\u00f3n de ruido.<\/p>\n<p style=\"text-align: justify;\">La medida provisional consiste en la detenci\u00f3n de ciertas faenas de construcci\u00f3n dentro de la obra, como las maquinarias que generan ruidos (excavadoras adaptadas con martillos hidr\u00e1ulicos y retroexcavadoras). Esta medida contempla 30 d\u00edas y comienza a regir desde la fecha de notificaci\u00f3n de las medidas a la inmobiliaria. Asimismo, el procedimiento sancionatorio solicita a la empresa la implementaci\u00f3n barreras ac\u00fasticas m\u00f3viles y en el per\u00edmetro de las obras, con el fin de mitigar los ruidos para que pueda retomar sus operaciones normales, cumpliendo la normativa.<\/p>\n<p style=\"text-align: justify;\">El Jefe de Oficina Regional Antofagasta, Ricardo Ortiz, se\u00f1al\u00f3 que \u201ces primera vez que se solicita en la Regi\u00f3n de Antofagasta, a ra\u00edz de la superaci\u00f3n de la norma de emisi\u00f3n de ruido vigente, la paralizaci\u00f3n de una fuente generadora asociada a la construcci\u00f3n de la Cl\u00ednica Materno Infantil. Esto representa, sin lugar a dudas, un precedente importante a la hora de establecer con claridad el riesgo inminente para la salud de las personas, que viven en las inmediaciones de la fuente generadora de ruidos y que est\u00e1n expuestas a niveles de presi\u00f3n sonora por sobre lo establecido en la normativa vigente. El ruido es un contaminante invisible, pero que tiene efectos en la salud f\u00edsica y mental de las personas\u201d.<\/p>\n<p style=\"text-align: justify;\">A\u00f1adi\u00f3 que \u201cla SMA est\u00e1 permanentemente ocupada en acoger las denuncias ciudadanas, analizarlas y evaluarlas en su justo m\u00e9rito, para poder tomar las acciones que sean pertinentes en el \u00e1mbito de nuestras competencias, orientadas al debido resguardo y protecci\u00f3n del medio ambiente y la salud de las personas\u201d.<\/p>\n<p style=\"text-align: justify;\">M\u00e1s detalles de la formulaci\u00f3n de cargos en el Sistema Nacional de Informaci\u00f3n de Fiscalizaci\u00f3n Ambiental (SNIFA).<\/p>\n","protected":false},"excerpt":{"rendered":"<p>La medida se tom\u00f3 luego que se constatara en terreno una superaci\u00f3n de hasta 28 decibeles sobre el nivel sonoro permitido en el proyecto ubicado en la zona sur de Antofagasta.<\/p>\n","protected":false},"author":3,"featured_media":16658,"comment_status":"open","ping_status":"open","sticky":false,"template":"","format":"standard","meta":{"footnotes":""},"categories":[90],"tags":[],"class_list":["post-16659","post","type-post","status-publish","format-standard","has-post-thumbnail","hentry","category-comunicados-noticias"],"_links":{"self":[{"href":"https:\/\/portal.sma.gob.cl\/index.php\/wp-json\/wp\/v2\/posts\/16659","targetHints":{"allow":["GET"]}}],"collection":[{"href":"https:\/\/portal.sma.gob.cl\/index.php\/wp-json\/wp\/v2\/posts"}],"about":[{"href":"https:\/\/portal.sma.gob.cl\/index.php\/wp-json\/wp\/v2\/types\/post"}],"author":[{"embeddable":true,"href":"https:\/\/portal.sma.gob.cl\/index.php\/wp-json\/wp\/v2\/users\/3"}],"replies":[{"embeddable":true,"href":"https:\/\/portal.sma.gob.cl\/index.php\/wp-json\/wp\/v2\/comments?post=16659"}],"version-history":[{"count":0,"href":"https:\/\/portal.sma.gob.cl\/index.php\/wp-json\/wp\/v2\/posts\/16659\/revisions"}],"wp:featuredmedia":[{"embeddable":true,"href":"https:\/\/portal.sma.gob.cl\/index.php\/wp-json\/wp\/v2\/media\/16658"}],"wp:attachment":[{"href":"https:\/\/portal.sma.gob.cl\/index.php\/wp-json\/wp\/v2\/media?parent=16659"}],"wp:term":[{"taxonomy":"category","embeddable":true,"href":"https:\/\/portal.sma.gob.cl\/index.php\/wp-json\/wp\/v2\/categories?post=16659"},{"taxonomy":"post_tag","embeddable":true,"href":"https:\/\/portal.sma.gob.cl\/index.php\/wp-json\/wp\/v2\/tags?post=16659"}],"curies":[{"name":"wp","href":"https:\/\/api.w.org\/{rel}","templated":true}]}}