{"id":16664,"date":"2017-03-14T15:37:40","date_gmt":"2017-03-14T15:37:40","guid":{"rendered":"https:\/\/portal.sma.gob.cl\/index.php\/2017\/03\/14\/superintendente-realiza-visita-oficial-a-japon\/"},"modified":"2017-03-14T15:37:40","modified_gmt":"2017-03-14T15:37:40","slug":"superintendente-realiza-visita-oficial-a-japon","status":"publish","type":"post","link":"https:\/\/portal.sma.gob.cl\/index.php\/superintendente-realiza-visita-oficial-a-japon\/","title":{"rendered":"Superintendente realiza visita oficial a Jap\u00f3n"},"content":{"rendered":"<p style=\"text-align: justify;\"><strong style=\"font-size: 12.16px;\"><img decoding=\"async\" class=\"size-auto size-full wp-image-16663\" src=\"https:\/\/portal.sma.gob.cl\/wp-content\/uploads\/2017\/03\/notaSuperintendenteJap%C3%B3n.jpg\" alt=\"notaSuperintendenteJap\u00f3n\" width=\"760\" height=\"360\" \/><\/strong><\/p>\n<p style=\"text-align: justify;\"><strong style=\"font-size: 12.16px;\">La m\u00e1xima autoridad de la SMA se ha reunido con representantes del gobierno y del sector privado de ese pa\u00eds para exponer sobre el funcionamiento de la institucionalidad ambiental chilena, y en particular, sobre el quehacer de la Superintendencia del Medio Ambiente.<\/strong><\/p>\n<p>  <!--more-->  <\/p>\n<p style=\"text-align: justify;\"><strong>Tokio, 14 de marzo de 2017.<\/strong> El Superintendente del Medio Ambiente, Cristi\u00e1n Franz, se encuentra realizando una visita oficial invitado por el Ministerio de Relaciones Exteriores de Jap\u00f3n, con el objetivo de intercambiar puntos de vista relacionados con el ejercicio de su cargo y las labores de la organizaci\u00f3n que lidera, con altos funcionarios de los ministerios de Medio Ambiente y de Comercio, y asimismo, con el fin de profundizar la comprensi\u00f3n de la institucionalidad ambiental del Jap\u00f3n.<\/p>\n<p>El viaje incluye la visita a instituciones relacionadas con las materias descritas, tales como la Agencia de Cooperaci\u00f3n Internacional de Jap\u00f3n (JICA, por sus siglas en ingl\u00e9s), con el fin de explicar aspectos del funcionamiento de la institucionalidad ambiental chilena y el quehacer de la Superintendencia del Medio Ambiente, y adem\u00e1s, precisar el inter\u00e9s de explorar posibilidades de perfeccionamiento para los profesionales y t\u00e9cnicos de la SMA.<\/p>\n<p>Esta ma\u00f1ana el Superintendente se reuni\u00f3 con representantes del ministerio de Econom\u00eda, Comercio e Industria de Jap\u00f3n, con quienes comparti\u00f3 experiencias respecto del funcionamiento de la nueva institucionalidad ambiental chilena, ofreciendo una introducci\u00f3n a las principales funciones de la SMA tales como su organizaci\u00f3n y el modo en que lleva a cabo sus tareas de fiscalizaci\u00f3n y sanci\u00f3n ambiental, y se gener\u00f3 una discusi\u00f3n sobre algunos aspectos que dan cuenta de las similitudes y diferencias con la institucionalidad ambiental vigente en el pa\u00eds nip\u00f3n, actividades que constituyen un aporte significativo para perfeccionar el cumplimiento del quehacer p\u00fablico de la SMA.<\/p>\n","protected":false},"excerpt":{"rendered":"<p>La m\u00e1xima autoridad de la SMA se ha reunido con representantes del gobierno y del sector privado de ese pa\u00eds para exponer sobre el funcionamiento de la institucionalidad ambiental chilena, y en particular, sobre el quehacer de la Superintendencia del Medio Ambiente.<\/p>\n","protected":false},"author":3,"featured_media":16663,"comment_status":"open","ping_status":"open","sticky":false,"template":"","format":"standard","meta":{"footnotes":""},"categories":[94],"tags":[],"class_list":["post-16664","post","type-post","status-publish","format-standard","has-post-thumbnail","hentry","category-notas-noticias"],"_links":{"self":[{"href":"https:\/\/portal.sma.gob.cl\/index.php\/wp-json\/wp\/v2\/posts\/16664","targetHints":{"allow":["GET"]}}],"collection":[{"href":"https:\/\/portal.sma.gob.cl\/index.php\/wp-json\/wp\/v2\/posts"}],"about":[{"href":"https:\/\/portal.sma.gob.cl\/index.php\/wp-json\/wp\/v2\/types\/post"}],"author":[{"embeddable":true,"href":"https:\/\/portal.sma.gob.cl\/index.php\/wp-json\/wp\/v2\/users\/3"}],"replies":[{"embeddable":true,"href":"https:\/\/portal.sma.gob.cl\/index.php\/wp-json\/wp\/v2\/comments?post=16664"}],"version-history":[{"count":0,"href":"https:\/\/portal.sma.gob.cl\/index.php\/wp-json\/wp\/v2\/posts\/16664\/revisions"}],"wp:featuredmedia":[{"embeddable":true,"href":"https:\/\/portal.sma.gob.cl\/index.php\/wp-json\/wp\/v2\/media\/16663"}],"wp:attachment":[{"href":"https:\/\/portal.sma.gob.cl\/index.php\/wp-json\/wp\/v2\/media?parent=16664"}],"wp:term":[{"taxonomy":"category","embeddable":true,"href":"https:\/\/portal.sma.gob.cl\/index.php\/wp-json\/wp\/v2\/categories?post=16664"},{"taxonomy":"post_tag","embeddable":true,"href":"https:\/\/portal.sma.gob.cl\/index.php\/wp-json\/wp\/v2\/tags?post=16664"}],"curies":[{"name":"wp","href":"https:\/\/api.w.org\/{rel}","templated":true}]}}