{"id":16667,"date":"2017-03-16T15:15:01","date_gmt":"2017-03-16T15:15:01","guid":{"rendered":"https:\/\/portal.sma.gob.cl\/index.php\/2017\/03\/16\/superintendente-se-reune-con-viceministro-japon\/"},"modified":"2017-03-16T15:15:01","modified_gmt":"2017-03-16T15:15:01","slug":"superintendente-se-reune-con-viceministro-japon","status":"publish","type":"post","link":"https:\/\/portal.sma.gob.cl\/index.php\/superintendente-se-reune-con-viceministro-japon\/","title":{"rendered":"Superintendente se re\u00fane con Viceministro de Relaciones Exteriores de Jap\u00f3n"},"content":{"rendered":"<p style=\"text-align: justify;\"><strong><img decoding=\"async\" class=\"size-auto size-full wp-image-16666\" src=\"https:\/\/portal.sma.gob.cl\/wp-content\/uploads\/2017\/03\/nota2.jpg\" alt=\"nota2\" width=\"760\" height=\"360\" srcset=\"https:\/\/portal.sma.gob.cl\/wp-content\/uploads\/2017\/03\/nota2-200x95.jpg 200w, https:\/\/portal.sma.gob.cl\/wp-content\/uploads\/2017\/03\/nota2-300x142.jpg 300w, https:\/\/portal.sma.gob.cl\/wp-content\/uploads\/2017\/03\/nota2-400x189.jpg 400w, https:\/\/portal.sma.gob.cl\/wp-content\/uploads\/2017\/03\/nota2-600x284.jpg 600w, https:\/\/portal.sma.gob.cl\/wp-content\/uploads\/2017\/03\/nota2.jpg 760w\" sizes=\"(max-width: 760px) 100vw, 760px\" \/><\/strong><\/p>\n<p style=\"text-align: justify;\"><strong>La m\u00e1xima autoridad de la SMA se ha reunido con altos funcionarios del gobierno nip\u00f3n para profundizar en materia de cooperaci\u00f3n ambiental entre ambos pa\u00edses.<\/strong><\/p>\n<p>  <!--more-->  <\/p>\n<p style=\"text-align: justify;\"><strong>Tokio, 16 de marzo de 2017.<\/strong> El Superintendente del Medio Ambiente, Cristi\u00e1n Franz, se encuentra realizando una visita oficial a Jap\u00f3n.&nbsp;<span style=\"font-size: 12.16px; text-align: justify;\">Durante la jornada de hoy se reuni\u00f3 con el Viceministro de Relaciones Exteriores, Shunsuke Takei, con quien \u201ccompartimos ideas para profundizar la cooperaci\u00f3n ambiental entre ambos pa\u00edses\u201d. En ese sentido, a trav\u00e9s de la Agencia de Cooperaci\u00f3n Internacional de Jap\u00f3n (JICA, por sus siglas en ingl\u00e9s), pueden explorarse iniciativas que ayuden al intercambio en materias medio ambientales, especialmente ahora que se est\u00e1 iniciando la creaci\u00f3n de un centro de referencia ambiental en Chile.<\/span><\/p>\n<p style=\"text-align: justify;\">En tanto, el d\u00eda de ayer tuvo un encuentro con asesores del Ministerio de Medio Ambiente &nbsp;y tambi\u00e9n se reuni\u00f3 con altos directivos del Kawasaki Environmental Research Institute (KERI), entidad gubernamental encargada de la fiscalizaci\u00f3n ambiental de esa ciudad nipona.<\/p>\n<p style=\"text-align: justify;\">En la oportunidad, los directivos de KERI presentaron la estrategia dise\u00f1ada en los a\u00f1os 80 por la ciudad de Kawasaki para enfrentar los problemas ambientales que acumularon durante d\u00e9cadas, como contaminaci\u00f3n atmosf\u00e9rica y residuos. \u201cIntercambiamos experiencias en relaci\u00f3n con los m\u00e9todos modernos de fiscalizaci\u00f3n en materia de aire y agua. Tambi\u00e9n tuve la oportunidad de examinar con ellos algunas opciones de cooperaci\u00f3n para los funcionarios de la SMA\u201d, explic\u00f3 el Superintendente Franz.<\/p>\n<p style=\"text-align: justify;\">&nbsp;<\/p>\n<p>&nbsp;<\/p>\n","protected":false},"excerpt":{"rendered":"<p>La m\u00e1xima autoridad de la SMA se ha reunido con altos funcionarios del gobierno nip\u00f3n para profundizar en materia de cooperaci\u00f3n ambiental entre ambos pa\u00edses.<\/p>\n","protected":false},"author":3,"featured_media":16665,"comment_status":"open","ping_status":"open","sticky":false,"template":"","format":"standard","meta":{"footnotes":""},"categories":[94],"tags":[],"class_list":["post-16667","post","type-post","status-publish","format-standard","has-post-thumbnail","hentry","category-notas-noticias"],"_links":{"self":[{"href":"https:\/\/portal.sma.gob.cl\/index.php\/wp-json\/wp\/v2\/posts\/16667","targetHints":{"allow":["GET"]}}],"collection":[{"href":"https:\/\/portal.sma.gob.cl\/index.php\/wp-json\/wp\/v2\/posts"}],"about":[{"href":"https:\/\/portal.sma.gob.cl\/index.php\/wp-json\/wp\/v2\/types\/post"}],"author":[{"embeddable":true,"href":"https:\/\/portal.sma.gob.cl\/index.php\/wp-json\/wp\/v2\/users\/3"}],"replies":[{"embeddable":true,"href":"https:\/\/portal.sma.gob.cl\/index.php\/wp-json\/wp\/v2\/comments?post=16667"}],"version-history":[{"count":0,"href":"https:\/\/portal.sma.gob.cl\/index.php\/wp-json\/wp\/v2\/posts\/16667\/revisions"}],"wp:featuredmedia":[{"embeddable":true,"href":"https:\/\/portal.sma.gob.cl\/index.php\/wp-json\/wp\/v2\/media\/16665"}],"wp:attachment":[{"href":"https:\/\/portal.sma.gob.cl\/index.php\/wp-json\/wp\/v2\/media?parent=16667"}],"wp:term":[{"taxonomy":"category","embeddable":true,"href":"https:\/\/portal.sma.gob.cl\/index.php\/wp-json\/wp\/v2\/categories?post=16667"},{"taxonomy":"post_tag","embeddable":true,"href":"https:\/\/portal.sma.gob.cl\/index.php\/wp-json\/wp\/v2\/tags?post=16667"}],"curies":[{"name":"wp","href":"https:\/\/api.w.org\/{rel}","templated":true}]}}