{"id":16677,"date":"2017-03-27T15:07:08","date_gmt":"2017-03-27T15:07:08","guid":{"rendered":"https:\/\/portal.sma.gob.cl\/index.php\/2017\/03\/27\/sma-presentara-su-cuenta-publica-2016\/"},"modified":"2017-03-27T15:07:08","modified_gmt":"2017-03-27T15:07:08","slug":"sma-presentara-su-cuenta-publica-2016","status":"publish","type":"post","link":"https:\/\/portal.sma.gob.cl\/index.php\/sma-presentara-su-cuenta-publica-2016\/","title":{"rendered":"SMA presentar\u00e1 su Cuenta P\u00fablica 2016"},"content":{"rendered":"<p style=\"text-align: justify;\"><img decoding=\"async\" class=\"size-auto size-full wp-image-16676\" src=\"https:\/\/portal.sma.gob.cl\/wp-content\/uploads\/2017\/03\/nota_cuenta.png\" alt=\"nota cuenta\" width=\"760\" height=\"360\" srcset=\"https:\/\/portal.sma.gob.cl\/wp-content\/uploads\/2017\/03\/nota_cuenta-200x95.png 200w, https:\/\/portal.sma.gob.cl\/wp-content\/uploads\/2017\/03\/nota_cuenta-300x142.png 300w, https:\/\/portal.sma.gob.cl\/wp-content\/uploads\/2017\/03\/nota_cuenta-400x189.png 400w, https:\/\/portal.sma.gob.cl\/wp-content\/uploads\/2017\/03\/nota_cuenta-600x284.png 600w, https:\/\/portal.sma.gob.cl\/wp-content\/uploads\/2017\/03\/nota_cuenta.png 760w\" sizes=\"(max-width: 760px) 100vw, 760px\" \/><\/p>\n<p style=\"text-align: justify;\">&nbsp;<\/p>\n<p style=\"text-align: justify;\"><strong>Este mi\u00e9rcoles 29 de marzo se realizar\u00e1 la Cuenta P\u00fablica Participativa de la SMA en la ciudad de Iquique. Adem\u00e1s, el evento se transmitir\u00e1 v\u00eda streaming.<\/strong><\/p>\n<p>  <!--more-->  <\/p>\n<p style=\"text-align: justify;\"><strong>Santiago, 27 de marzo de 2017.<\/strong> La Superintendencia del Medio Ambiente (SMA) anuncia la realizaci\u00f3n de su Cuenta P\u00fablica Participativa 2016, a realizarse el d\u00eda mi\u00e9rcoles 29 de marzo de 2017 a las 11:00 horas, en el sal\u00f3n Sagasca del Hotel Diego de Almagro, de la ciudad de Iquique.<\/p>\n<p style=\"text-align: justify;\">Adicionalmente, y como una forma de acercase a\u00fan m\u00e1s a la ciudadan\u00eda, el evento se transmitir\u00e1 v\u00eda streaming a trav\u00e9s de un link dispuesto en nuestro sitio web ese d\u00eda.<\/p>\n<p style=\"text-align: justify;\">Cabe recordar que la rendici\u00f3n de la Cuenta P\u00fablica anual se encuentra instaurada en el marco de la Ley 20.500 Sobre Asociaciones y Participaci\u00f3n Ciudadana en la Gesti\u00f3n P\u00fablica. Dicha Ley busca promover un modelo de gesti\u00f3n gubernamental que, inspirado en el Principio de Transparencia y el Derecho de Acceso a la Informaci\u00f3n P\u00fablica, profundice la democracia y fomente la confianza en la funci\u00f3n p\u00fablica sobre la base de la participaci\u00f3n y el control social; permitiendo una efectiva rendici\u00f3n de cuentas.<\/p>\n","protected":false},"excerpt":{"rendered":"<p>&nbsp; Este mi\u00e9rcoles 29 de marzo se realizar\u00e1 la Cuenta P\u00fablica Participativa de la SMA en la ciudad de Iquique. Adem\u00e1s, el evento se transmitir\u00e1 v\u00eda streaming.<\/p>\n","protected":false},"author":3,"featured_media":16675,"comment_status":"open","ping_status":"open","sticky":false,"template":"","format":"standard","meta":{"footnotes":""},"categories":[94],"tags":[],"class_list":["post-16677","post","type-post","status-publish","format-standard","has-post-thumbnail","hentry","category-notas-noticias"],"_links":{"self":[{"href":"https:\/\/portal.sma.gob.cl\/index.php\/wp-json\/wp\/v2\/posts\/16677","targetHints":{"allow":["GET"]}}],"collection":[{"href":"https:\/\/portal.sma.gob.cl\/index.php\/wp-json\/wp\/v2\/posts"}],"about":[{"href":"https:\/\/portal.sma.gob.cl\/index.php\/wp-json\/wp\/v2\/types\/post"}],"author":[{"embeddable":true,"href":"https:\/\/portal.sma.gob.cl\/index.php\/wp-json\/wp\/v2\/users\/3"}],"replies":[{"embeddable":true,"href":"https:\/\/portal.sma.gob.cl\/index.php\/wp-json\/wp\/v2\/comments?post=16677"}],"version-history":[{"count":0,"href":"https:\/\/portal.sma.gob.cl\/index.php\/wp-json\/wp\/v2\/posts\/16677\/revisions"}],"wp:featuredmedia":[{"embeddable":true,"href":"https:\/\/portal.sma.gob.cl\/index.php\/wp-json\/wp\/v2\/media\/16675"}],"wp:attachment":[{"href":"https:\/\/portal.sma.gob.cl\/index.php\/wp-json\/wp\/v2\/media?parent=16677"}],"wp:term":[{"taxonomy":"category","embeddable":true,"href":"https:\/\/portal.sma.gob.cl\/index.php\/wp-json\/wp\/v2\/categories?post=16677"},{"taxonomy":"post_tag","embeddable":true,"href":"https:\/\/portal.sma.gob.cl\/index.php\/wp-json\/wp\/v2\/tags?post=16677"}],"curies":[{"name":"wp","href":"https:\/\/api.w.org\/{rel}","templated":true}]}}