{"id":16680,"date":"2017-03-30T14:29:54","date_gmt":"2017-03-30T14:29:54","guid":{"rendered":"https:\/\/portal.sma.gob.cl\/index.php\/2017\/03\/30\/sma-presenta-su-cuenta-publica-2016\/"},"modified":"2017-03-30T14:29:54","modified_gmt":"2017-03-30T14:29:54","slug":"sma-presenta-su-cuenta-publica-2016","status":"publish","type":"post","link":"https:\/\/portal.sma.gob.cl\/index.php\/sma-presenta-su-cuenta-publica-2016\/","title":{"rendered":"SMA presenta su Cuenta P\u00fablica 2016"},"content":{"rendered":"<p style=\"text-align: justify;\"><strong><img decoding=\"async\" class=\"size-auto size-full wp-image-16679\" src=\"https:\/\/portal.sma.gob.cl\/wp-content\/uploads\/2017\/03\/notaCUENTAPUBLICA.jpg\" alt=\"notaCUENTAPUBLICA\" width=\"760\" height=\"360\" srcset=\"https:\/\/portal.sma.gob.cl\/wp-content\/uploads\/2017\/03\/notaCUENTAPUBLICA-200x95.jpg 200w, https:\/\/portal.sma.gob.cl\/wp-content\/uploads\/2017\/03\/notaCUENTAPUBLICA-300x142.jpg 300w, https:\/\/portal.sma.gob.cl\/wp-content\/uploads\/2017\/03\/notaCUENTAPUBLICA-400x189.jpg 400w, https:\/\/portal.sma.gob.cl\/wp-content\/uploads\/2017\/03\/notaCUENTAPUBLICA-600x284.jpg 600w, https:\/\/portal.sma.gob.cl\/wp-content\/uploads\/2017\/03\/notaCUENTAPUBLICA.jpg 760w\" sizes=\"(max-width: 760px) 100vw, 760px\" \/><\/strong><\/p>\n<p style=\"text-align: justify;\"><strong>El Superintendente del Medio Ambiente, Cristi\u00e1n Franz, present\u00f3 las cifras de fiscalizaci\u00f3n y sanci\u00f3n ambiental en la ciudad de Iquique. A la actividad asistieron la Intendenta Regional, Claudia Rojas; la Contralora Regional, Mariela Fern\u00e1ndez; el Seremi de Medio Ambiente, Patricio Villablanca; y diversas autoridades.<\/strong><\/p>\n<p>  <!--more-->  <\/p>\n<p style=\"text-align: justify;\"><strong>Iquique, 29 de marzo de 2017.<\/strong> El Superintendente del Medio Ambiente, Cristi\u00e1n Franz, present\u00f3 esta ma\u00f1ana la Cuenta P\u00fablica 2016 de la SMA, instancia de Participaci\u00f3n Ciudadana establecida en la Ley N\u00b0 20.500 sobre Asociaciones y Participaci\u00f3n Ciudadana en la Gesti\u00f3n P\u00fablica. Esta es la primera oportunidad en que este evento se realiza en la ciudad de Iquique.<\/p>\n<p style=\"text-align: justify;\">A la actividad asistieron la Intendenta Regional, Claudia Rojas; la Contralora Regional, Mariela Fern\u00e1ndez; el Seremi de Medio Ambiente, Patricio Villablanca; entre otras autoridades regionales, junto a profesionales de distintos servicios p\u00fablicos de Tarapac\u00e1.<\/p>\n<p style=\"text-align: justify;\">Entre los principales hitos destacados por el Superintendente respecto del a\u00f1o pasado, est\u00e1 la apertura de tres nuevas oficinas en las regiones de Tarapac\u00e1, O\u2019Higgins y Los Lagos. \u201cCon esto, sumamos nueve regiones del pa\u00eds con presencia efectiva de la SMA, cumpliendo as\u00ed el compromiso asumido por la Presidenta Bachelet en su programa de Gobierno 2014-2018\u201d.<\/p>\n<p style=\"text-align: justify;\">En la oportunidad, el Superintendente Franz realiz\u00f3 un repaso respecto de las fiscalizaciones y sanciones ambientales realizadas por la SMA durante el per\u00edodo enero-diciembre de 2016. En ese ejercicio se contabilizaron m\u00e1s de 10.400 expedientes de fiscalizaci\u00f3n ambiental, que incluyen actividades en terreno, an\u00e1lisis de informes de seguimiento ambiental, muestreos y\/o mediciones que se pueden realizar para fiscalizar proyectos con Resoluci\u00f3n de Calificaci\u00f3n Ambiental (RCA), Planes de Descontaminaci\u00f3n, Normas de Emisi\u00f3n y Normas de Calidad.<\/p>\n<p style=\"text-align: justify;\">\u201cEs importante destacar que estas actividades las realizamos con el apoyo de los 16 servicios p\u00fablicos que forman parte de la Red Nacional de Fiscalizaci\u00f3n Ambiental (RENFA). El trabajo coordinado del Estado permite una fiscalizaci\u00f3n ambiental m\u00e1s eficiente y oportuna\u201d, sostuvo Franz.<\/p>\n<p style=\"text-align: justify;\">Realizando un an\u00e1lisis de la gesti\u00f3n de la SMA, desde que comenz\u00f3 a operar en 2013, se contabiliza una fiscalizaci\u00f3n de un 23% de los proyectos con RCA en el pa\u00eds. De hecho, en los m\u00e1s grandes, que cuentan con m\u00e1s de 6 RCA o permisos ambientales, existe una fiscalizaci\u00f3n que alcanza al 76% de ellos. \u201cEsto se relaciona con el criterio de fiscalizaci\u00f3n estrat\u00e9gica que hemos implementado como Superintendencia. Los grandes proyectos pueden potencialmente generar impactos ambientales m\u00e1s relevantes y sobre un \u00e1rea m\u00e1s extensa que los peque\u00f1os, por lo cual se ha relevado su fiscalizaci\u00f3n\u201d, expres\u00f3 el titular de la SMA.<\/p>\n<h3 style=\"text-align: justify;\">Fuerte alza en los Programas de Cumplimiento<\/h3>\n<p style=\"text-align: justify;\">En 2016 la SMA inici\u00f3 149 procedimientos sancionatorios. Los sectores econ\u00f3micos que m\u00e1s infracciones a la normativa presentaron fueron comercio y servicios (36 casos); agroindustrias (34 casos); y pesca y acuicultura (20 casos).<\/p>\n<p style=\"text-align: justify;\">Cabe destacar que del total de empresas con procesos sancionatorios, el a\u00f1o pasado 87 se acogieron a un Programa de Cumplimiento ante la SMA. \u201cComo SMA hemos potenciado y promovido el uso de los Programas de Cumplimiento, pues se traducen en la correcci\u00f3n de los incumplimientos y por lo tanto en la superaci\u00f3n de los riesgos o efectos ambientales adversos que se estaban produciendo. Su ejecuci\u00f3n implica una inversi\u00f3n directa en la soluci\u00f3n de un problema ambiental. Ahora bien, esta herramienta no es a todo evento, y la SMA puede rechazar estos programas cuando no cumplen con los criterios establecidos reglamentariamente, como sucedi\u00f3 en 5 casos el a\u00f1o pasado\u201d, dijo el Superintendente Franz.<\/p>\n<p style=\"text-align: justify;\">De esta forma, las inversiones comprometidas en Programas de Cumplimiento alcanzaron US$ 81 millones en el a\u00f1o 2016, superando por primera vez el total de multas cursadas en el a\u00f1o, las que llegaron a los US$ 6 millones.<\/p>\n<p style=\"text-align: justify;\">\u201cA nivel acumulado, en cuatro a\u00f1os vemos que a trav\u00e9s de esta herramienta se han invertido m\u00e1s de 120 millones de d\u00f3lares, mientras que en multas se han cursado 50 millones en total. Como les dec\u00eda, la imposici\u00f3n de multas no es el \u00fanico camino posible y en muchos casos tampoco es el mejor. Cuando se aplica una multa, ese dinero va a la Tesorer\u00eda General de la Rep\u00fablica y su destino puede ser uno muy diverso de la protecci\u00f3n ambiental. En cambio los Programas de Cumplimiento son inversiones directas para solucionar los problemas detectados, lo cual tiene un impacto real y medible en el medio ambiente y la salud de las personas\u201d,afirm\u00f3 el Superintendente. Adicionalmente, dio un ejemplo de esta herramienta: \u201cLos vecinos que conviven con una industria que emite fuertes ruidos toda la noche, no s\u00f3lo quieren que esa empresa pague una multa, por millonaria que esta sea. Lo que realmente busca la comunidad es poder dormir y convivir con esa f\u00e1brica que posiblemente les da trabajo. Esa es la esencia de los Programas de Cumplimiento\u201d.<\/p>\n<h3 style=\"text-align: justify;\">Desaf\u00edos 2017<\/h3>\n<p style=\"text-align: justify;\">En el evento, el Superintendente Franz aprovech\u00f3 de adelantar las tareas que este a\u00f1o tiene la SMA. \u201cSe abrir\u00e1n tres nuevas oficinas en las regiones de Coquimbo, Maule y Ays\u00e9n. Con esto, lograremos tener una adecuada presencia en 12 de las 15 regiones del pa\u00eds este a\u00f1o y se solicitar\u00e1 Presupuesto al Ministerio de Hacienda para terminar la tarea de abrir el a\u00f1o 2018 las \u00faltimas 3 oficinas que nos quedar\u00e1n pendientes en las regiones de Arica y Parinacota, de la Araucan\u00eda y de Magallanes\u201d, asegur\u00f3.<\/p>\n<p style=\"text-align: justify;\">En materia de adelantos tecnol\u00f3gicos, destac\u00f3 la implementaci\u00f3n del uso de nuevas tecnolog\u00edas para la fiscalizaci\u00f3n 2.0. \u201cEsto ya lo estamos utilizando como por ejemplo, en el monitoreo de la Norma de Fundiciones de Cobre, donde accedemos en l\u00ednea los datos de las empresas, siendo esta la primera norma que exige la implementaci\u00f3n de la tecnolog\u00eda para su adecuada fiscalizaci\u00f3n. Del mismo modo, este a\u00f1o implementaremos experiencias piloto para usar sensores en casos de denuncias por ruidos y olores molestos. Es imposible tener un fiscalizador por cada instalaci\u00f3n, pero s\u00ed es posible tener un sensor conectado a internet que nos proporcione informaci\u00f3n respecto del comportamiento de las variables que nos interesa, ayud\u00e1ndonos as\u00ed en la fiscalizaci\u00f3n\u201d, afirm\u00f3 Franz.<\/p>\n<p style=\"text-align: justify;\">A esto se sumar\u00e1 el uso de computadores con capacidad de procesamiento de alto desempe\u00f1o, lo cual permitir\u00e1 realizar el an\u00e1lisis de im\u00e1genes satelitales en menos tiempo. \u201cEsto permitir\u00e1 realizar un programa de Monitoreo Ambiental Territorial con alertas tempranas cuando vemos modificaciones importantes en el medio ambiental, como tambi\u00e9n apoyar a procesos en curso\u201d, sostuvo Franz.<\/p>\n<p style=\"text-align: justify;\">Finalmente, el Superintendente hizo \u00e9nfasis en que este a\u00f1o 2017 es el primero en que la SMA debe fiscalizar el monitoreo y reporte a la declaraci\u00f3n de emisiones que las empresas con calderas y turbinas superiores a 50 MWt deben entregar, en el marco de los \u201cImpuestos Verdes\u201d. \u201cLa SMA verificar\u00e1 la cantidad de emisiones de cada fuente y entregar\u00e1 un reporte al Servicio de Impuestos Internos (SII), que ser\u00e1 el organismo que finalmente calcular\u00e1 y recaudar\u00e1 el impuesto en la Operaci\u00f3n Renta 2018. Nuestra tarea no es menor, ya que debemos realizar una adecuada verificaci\u00f3n de datos a partir de los reportes de los titulares afectos y contrastando con los datos que somos capaces de levantar con nuestros propios sistemas\u201d, finaliz\u00f3 el Superintendente.<\/p>\n<p style=\"text-align: justify;\"><strong>Para acceder a la informaci\u00f3n detallada de la Cuenta P\u00fablica 2016, descargar:<\/strong><\/p>\n<p style=\"text-align: justify;\"><a class=\"doclink\" style=\"font-size: 12.16px;\" href=\"index.php?option=com_docman&amp;task=doc_download&amp;gid=586&amp;Itemid=280\"><img decoding=\"async\" class=\" size-full wp-image-15480\" src=\"https:\/\/portal.sma.gob.cl\/wp-content\/uploads\/2012\/07\/pdf.png\" alt=\"icon\" border=\"0\" width=\"16\" height=\"16\" \/>&nbsp;Cuenta P\u00fablica 2016<\/a><\/p>\n<hr \/>\n<p style=\"text-align: justify;\">&nbsp;<\/p>\n<p style=\"text-align: justify;\"><strong>Participaci\u00f3n Ciudadana:<\/strong><\/p>\n<p style=\"text-align: justify;\">A partir de hoy, 29 de marzo de 2017, y durante 15 d\u00edas corridos, la SMA recibir\u00e1 sus comentarios\/dudas respecto de la Cuenta P\u00fablica 2016 en el correo electr\u00f3nico <a href=\"mailto:contacto.sma@sma.gob.cl\">contacto.sma@sma.gob.cl<\/a>.&nbsp;<\/p>\n","protected":false},"excerpt":{"rendered":"<p>El Superintendente del Medio Ambiente, Cristi\u00e1n Franz, present\u00f3 las cifras de fiscalizaci\u00f3n y sanci\u00f3n ambiental en la ciudad de Iquique. A la actividad asistieron la Intendenta Regional, Claudia Rojas; la Contralora Regional, Mariela Fern\u00e1ndez; el Seremi de Medio Ambiente, Patricio Villablanca; y diversas autoridades.<\/p>\n","protected":false},"author":3,"featured_media":16679,"comment_status":"open","ping_status":"open","sticky":false,"template":"","format":"standard","meta":{"footnotes":""},"categories":[90],"tags":[],"class_list":["post-16680","post","type-post","status-publish","format-standard","has-post-thumbnail","hentry","category-comunicados-noticias"],"_links":{"self":[{"href":"https:\/\/portal.sma.gob.cl\/index.php\/wp-json\/wp\/v2\/posts\/16680","targetHints":{"allow":["GET"]}}],"collection":[{"href":"https:\/\/portal.sma.gob.cl\/index.php\/wp-json\/wp\/v2\/posts"}],"about":[{"href":"https:\/\/portal.sma.gob.cl\/index.php\/wp-json\/wp\/v2\/types\/post"}],"author":[{"embeddable":true,"href":"https:\/\/portal.sma.gob.cl\/index.php\/wp-json\/wp\/v2\/users\/3"}],"replies":[{"embeddable":true,"href":"https:\/\/portal.sma.gob.cl\/index.php\/wp-json\/wp\/v2\/comments?post=16680"}],"version-history":[{"count":0,"href":"https:\/\/portal.sma.gob.cl\/index.php\/wp-json\/wp\/v2\/posts\/16680\/revisions"}],"wp:featuredmedia":[{"embeddable":true,"href":"https:\/\/portal.sma.gob.cl\/index.php\/wp-json\/wp\/v2\/media\/16679"}],"wp:attachment":[{"href":"https:\/\/portal.sma.gob.cl\/index.php\/wp-json\/wp\/v2\/media?parent=16680"}],"wp:term":[{"taxonomy":"category","embeddable":true,"href":"https:\/\/portal.sma.gob.cl\/index.php\/wp-json\/wp\/v2\/categories?post=16680"},{"taxonomy":"post_tag","embeddable":true,"href":"https:\/\/portal.sma.gob.cl\/index.php\/wp-json\/wp\/v2\/tags?post=16680"}],"curies":[{"name":"wp","href":"https:\/\/api.w.org\/{rel}","templated":true}]}}