{"id":16682,"date":"2017-03-30T16:01:22","date_gmt":"2017-03-30T16:01:22","guid":{"rendered":"https:\/\/portal.sma.gob.cl\/index.php\/2017\/03\/30\/superintendente-franz-se-reune-con-intendenta-de-tarapaca\/"},"modified":"2017-03-30T16:01:22","modified_gmt":"2017-03-30T16:01:22","slug":"superintendente-franz-se-reune-con-intendenta-de-tarapaca","status":"publish","type":"post","link":"https:\/\/portal.sma.gob.cl\/index.php\/superintendente-franz-se-reune-con-intendenta-de-tarapaca\/","title":{"rendered":"Superintendente Franz se re\u00fane con Intendenta de Tarapac\u00e1"},"content":{"rendered":"<p style=\"text-align: justify;\"><strong><img decoding=\"async\" class=\"size-auto size-full wp-image-16681\" src=\"https:\/\/portal.sma.gob.cl\/wp-content\/uploads\/2017\/03\/NOTA-REUNIONINTENDENTA.jpg\" alt=\"NOTA-REUNIONINTENDENTA\" width=\"760\" height=\"360\" srcset=\"https:\/\/portal.sma.gob.cl\/wp-content\/uploads\/2017\/03\/NOTA-REUNIONINTENDENTA-200x95.jpg 200w, https:\/\/portal.sma.gob.cl\/wp-content\/uploads\/2017\/03\/NOTA-REUNIONINTENDENTA-300x142.jpg 300w, https:\/\/portal.sma.gob.cl\/wp-content\/uploads\/2017\/03\/NOTA-REUNIONINTENDENTA-400x189.jpg 400w, https:\/\/portal.sma.gob.cl\/wp-content\/uploads\/2017\/03\/NOTA-REUNIONINTENDENTA-600x284.jpg 600w, https:\/\/portal.sma.gob.cl\/wp-content\/uploads\/2017\/03\/NOTA-REUNIONINTENDENTA.jpg 760w\" sizes=\"(max-width: 760px) 100vw, 760px\" \/><\/strong><\/p>\n<p style=\"text-align: justify;\"><strong>En la reuni\u00f3n se abordaron temas ambientales de inter\u00e9s regional, como las fiscalizaciones al Salar de Llamara y las labores que realiza la SMA respecto de la industria pesquera regulada por Resoluciones de Calificaci\u00f3n Ambiental (RCA).&nbsp;<\/strong><\/p>\n<p>  <!--more-->  <\/p>\n<p style=\"text-align: justify;\"><strong>Iquique, 29 de marzo de 2017.<\/strong> El Superintendente del Medio Ambiente, Cristi\u00e1n Franz, junto al jefe regional de la SMA en Iquique, Boris Cerda, realizaron esta ma\u00f1ana una visita protocolar a la Intendenta de la Regi\u00f3n de Tarapac\u00e1, Claudia Rojas, con quien analizaron temas de inter\u00e9s ambiental regional.<\/p>\n<p style=\"text-align: justify;\">Entre los puntos destacados, estuvo la fiscalizaci\u00f3n que la Superintendencia del Medio Ambiente ha llevado a cabo en la zona del Salar de Llamara, una zona de atractivo natural y cuya preservaci\u00f3n preocupa a las comunidades cercanas. Adicionalmente, el Superintendente abord\u00f3 con la Intendenta la fiscalizaci\u00f3n que la SMA realiza a empresas pesqueras, en el marco de las Resoluciones de Calificaci\u00f3n Ambiental (RCA) que las regulan. En ese sentido, Franz explic\u00f3 que las instalaciones industriales m\u00e1s antiguas del sector pesquero de Iquique no cuentan con dichas RCA, por lo cual la fiscalizaci\u00f3n de ellas recae en los servicios p\u00fablicos sectoriales que les han entregado permisos de operaci\u00f3n, como la Seremi de Salud.<\/p>\n<p style=\"text-align: justify;\">\u201cRespecto de las instalaciones m\u00e1s nuevas, que s\u00ed cuentan con RCA, se ha realizado una inspecci\u00f3n acuciosa en los \u00faltimos tres a\u00f1os e incluso se han iniciado procesos sancionatorios cuando se han encontrado hallazgos\u201d, indic\u00f3 el titular de la SMA.<\/p>\n<p style=\"text-align: justify;\">En la misma reuni\u00f3n la Intendenta Rojas explic\u00f3 que recientemente el Consejo Regional aprob\u00f3 por primera un fondo concursable de $60 millones, en el marco del FDNR, para que la ciudadan\u00eda presente proyectos que tengan alguna dimensi\u00f3n ambiental, asociados por ejemplo a reciclaje, energ\u00edas limpias, entre otros.<\/p>\n<p style=\"text-align: justify;\">\u201cEs una extraordinaria se\u00f1al la que est\u00e1 dando el Gobierno Regional, y de los consejeros que han apoyado esta iniciativa. Lo importante es que la gente ac\u00e1 sea part\u00edcipe de la soluci\u00f3n de sus problemas ambientales. Existe una institucionalidad ambiental en el pa\u00eds, de la cual somos parte como Superintendencia, pero es muy importante que sean los propios ciudadanos los que participen de las soluciones\u201d, sostuvo al respecto el Superintendente Franz.<\/p>\n","protected":false},"excerpt":{"rendered":"<p>En la reuni\u00f3n se abordaron temas ambientales de inter\u00e9s regional, como las fiscalizaciones al Salar de Llamara y las labores que realiza la SMA respecto de la industria pesquera regulada por Resoluciones de Calificaci\u00f3n Ambiental (RCA).&nbsp;<\/p>\n","protected":false},"author":3,"featured_media":16681,"comment_status":"open","ping_status":"open","sticky":false,"template":"","format":"standard","meta":{"footnotes":""},"categories":[94],"tags":[],"class_list":["post-16682","post","type-post","status-publish","format-standard","has-post-thumbnail","hentry","category-notas-noticias"],"_links":{"self":[{"href":"https:\/\/portal.sma.gob.cl\/index.php\/wp-json\/wp\/v2\/posts\/16682","targetHints":{"allow":["GET"]}}],"collection":[{"href":"https:\/\/portal.sma.gob.cl\/index.php\/wp-json\/wp\/v2\/posts"}],"about":[{"href":"https:\/\/portal.sma.gob.cl\/index.php\/wp-json\/wp\/v2\/types\/post"}],"author":[{"embeddable":true,"href":"https:\/\/portal.sma.gob.cl\/index.php\/wp-json\/wp\/v2\/users\/3"}],"replies":[{"embeddable":true,"href":"https:\/\/portal.sma.gob.cl\/index.php\/wp-json\/wp\/v2\/comments?post=16682"}],"version-history":[{"count":0,"href":"https:\/\/portal.sma.gob.cl\/index.php\/wp-json\/wp\/v2\/posts\/16682\/revisions"}],"wp:featuredmedia":[{"embeddable":true,"href":"https:\/\/portal.sma.gob.cl\/index.php\/wp-json\/wp\/v2\/media\/16681"}],"wp:attachment":[{"href":"https:\/\/portal.sma.gob.cl\/index.php\/wp-json\/wp\/v2\/media?parent=16682"}],"wp:term":[{"taxonomy":"category","embeddable":true,"href":"https:\/\/portal.sma.gob.cl\/index.php\/wp-json\/wp\/v2\/categories?post=16682"},{"taxonomy":"post_tag","embeddable":true,"href":"https:\/\/portal.sma.gob.cl\/index.php\/wp-json\/wp\/v2\/tags?post=16682"}],"curies":[{"name":"wp","href":"https:\/\/api.w.org\/{rel}","templated":true}]}}