{"id":16686,"date":"2017-04-10T13:28:21","date_gmt":"2017-04-10T13:28:21","guid":{"rendered":"https:\/\/portal.sma.gob.cl\/index.php\/2017\/04\/10\/superintendencia-del-medio-ambiente-sanciona-a-enel-por-infraccion-a-la-norma-de-emision-de-termoelectricas\/"},"modified":"2017-04-10T13:28:21","modified_gmt":"2017-04-10T13:28:21","slug":"superintendencia-del-medio-ambiente-sanciona-a-enel-por-infraccion-a-la-norma-de-emision-de-termoelectricas","status":"publish","type":"post","link":"https:\/\/portal.sma.gob.cl\/index.php\/superintendencia-del-medio-ambiente-sanciona-a-enel-por-infraccion-a-la-norma-de-emision-de-termoelectricas\/","title":{"rendered":"SMA sanciona a ENEL por infracci\u00f3n a la norma de emisi\u00f3n de termoel\u00e9ctricas"},"content":{"rendered":"<p>&nbsp;<\/p>\n<p><img decoding=\"async\" class=\"size-auto size-full wp-image-16685\" src=\"https:\/\/portal.sma.gob.cl\/wp-content\/uploads\/2017\/04\/enel-com.jpg\" alt=\"enel-com\" width=\"760\" height=\"360\" srcset=\"https:\/\/portal.sma.gob.cl\/wp-content\/uploads\/2017\/04\/enel-com-200x95.jpg 200w, https:\/\/portal.sma.gob.cl\/wp-content\/uploads\/2017\/04\/enel-com-300x142.jpg 300w, https:\/\/portal.sma.gob.cl\/wp-content\/uploads\/2017\/04\/enel-com-400x189.jpg 400w, https:\/\/portal.sma.gob.cl\/wp-content\/uploads\/2017\/04\/enel-com-600x284.jpg 600w, https:\/\/portal.sma.gob.cl\/wp-content\/uploads\/2017\/04\/enel-com.jpg 760w\" sizes=\"(max-width: 760px) 100vw, 760px\" \/><\/p>\n<p><strong><span style=\"font-size: 12.16px;\" data-mce-mark=\"1\">Este resultado se suma a la serie de acciones que ha emprendido la SMA en la fiscalizaci\u00f3n del cumplimiento del D.S. 13\/2011.<\/span><\/strong><\/p>\n<p>  <!--more-->  <\/p>\n<p style=\"text-align: justify;\"><strong>Santiago, 24 de marzo de 2017.<\/strong> la Superintendencia del Medio Ambiente, resolvi\u00f3 sancionar a ENEL Generaci\u00f3n Chile S.A. (Ex ENDESA S.A), con una multa de 1.032 UTA, equivalente a unos $575 millones, por infringir la norma de emisi\u00f3n de termoel\u00e9ctricas (D.S. N\u00b0 13\/2011), durante 340 promedios horarios en el a\u00f1o 2014, en la Unidad 1 de la Central Termoel\u00e9ctrica Bocamina, ubicada en la comuna de Coronel, Regi\u00f3n del B\u00edo-B\u00edo.<br \/>&nbsp;<br \/>El procedimiento sancionatorio se inici\u00f3 con fecha 09 de junio de 2015, y se mantuvo suspendido entre el 14 de septiembre de 2015 y el 17 de octubre de 2016, en atenci\u00f3n a diversas acciones judiciales interpuestas por la Empresa, las que fueron desestimadas tanto por el Tercer Tribunal Ambiental, como por la Corte Suprema.<br \/>&nbsp;<br \/>Cabe destacar que, en el marco de este procedimiento, result\u00f3 acreditada la superaci\u00f3n a los valores de concentraci\u00f3n de material particulado, establecidos en el D.S. N\u00b0 13\/2011, entre los meses de febrero a agosto de 2014, descart\u00e1ndose los supuestos defectos en el funcionamiento del Sistema de Monitoreo Continuo de Emisiones (CEMS) planteados por la Empresa en sus descargos.<\/p>\n<p style=\"text-align: justify;\">Cabe indicar que la Empresa, con fecha 03 de abril de 2017, procedi\u00f3 a pagar de la multa ante la Tesorer\u00eda General de la Rep\u00fablica, quedando a firme, por tanto, la resoluci\u00f3n de la entidad fiscalizadora.<\/p>\n<p style=\"text-align: justify;\">Este resultado se suma a la serie de acciones que ha emprendido la Superintendencia del Medio Ambiente en la fiscalizaci\u00f3n del cumplimiento del D.S. 13\/2011, por parte de las Centrales T\u00e9rmicas emplazadas a lo largo del territorio nacional.&nbsp;<\/p>\n<p style=\"text-align: justify;\"><span style=\"font-size: 12.16px; text-align: justify;\">M\u00e1s detalles en el expediente del caso disponible en el <a href=\"http:\/\/snifa.sma.gob.cl\/v2\/Sancionatorio\/Ficha\/1228\">Sistema Nacional de Informaci\u00f3n de Fiscalizaci\u00f3n Ambiental (SNIFA).<\/a><\/span><\/p>\n","protected":false},"excerpt":{"rendered":"<p>&nbsp; Este resultado se suma a la serie de acciones que ha emprendido la SMA en la fiscalizaci\u00f3n del cumplimiento del D.S. 13\/2011.<\/p>\n","protected":false},"author":3,"featured_media":16685,"comment_status":"open","ping_status":"open","sticky":false,"template":"","format":"standard","meta":{"footnotes":""},"categories":[90],"tags":[],"class_list":["post-16686","post","type-post","status-publish","format-standard","has-post-thumbnail","hentry","category-comunicados-noticias"],"_links":{"self":[{"href":"https:\/\/portal.sma.gob.cl\/index.php\/wp-json\/wp\/v2\/posts\/16686","targetHints":{"allow":["GET"]}}],"collection":[{"href":"https:\/\/portal.sma.gob.cl\/index.php\/wp-json\/wp\/v2\/posts"}],"about":[{"href":"https:\/\/portal.sma.gob.cl\/index.php\/wp-json\/wp\/v2\/types\/post"}],"author":[{"embeddable":true,"href":"https:\/\/portal.sma.gob.cl\/index.php\/wp-json\/wp\/v2\/users\/3"}],"replies":[{"embeddable":true,"href":"https:\/\/portal.sma.gob.cl\/index.php\/wp-json\/wp\/v2\/comments?post=16686"}],"version-history":[{"count":0,"href":"https:\/\/portal.sma.gob.cl\/index.php\/wp-json\/wp\/v2\/posts\/16686\/revisions"}],"wp:featuredmedia":[{"embeddable":true,"href":"https:\/\/portal.sma.gob.cl\/index.php\/wp-json\/wp\/v2\/media\/16685"}],"wp:attachment":[{"href":"https:\/\/portal.sma.gob.cl\/index.php\/wp-json\/wp\/v2\/media?parent=16686"}],"wp:term":[{"taxonomy":"category","embeddable":true,"href":"https:\/\/portal.sma.gob.cl\/index.php\/wp-json\/wp\/v2\/categories?post=16686"},{"taxonomy":"post_tag","embeddable":true,"href":"https:\/\/portal.sma.gob.cl\/index.php\/wp-json\/wp\/v2\/tags?post=16686"}],"curies":[{"name":"wp","href":"https:\/\/api.w.org\/{rel}","templated":true}]}}