{"id":16688,"date":"2017-04-12T20:32:47","date_gmt":"2017-04-12T20:32:47","guid":{"rendered":"https:\/\/portal.sma.gob.cl\/index.php\/2017\/04\/12\/visita-del-presidente-del-segundo-tribunal-ambiental-a-la-sma\/"},"modified":"2017-04-12T20:32:47","modified_gmt":"2017-04-12T20:32:47","slug":"visita-del-presidente-del-segundo-tribunal-ambiental-a-la-sma","status":"publish","type":"post","link":"https:\/\/portal.sma.gob.cl\/index.php\/visita-del-presidente-del-segundo-tribunal-ambiental-a-la-sma\/","title":{"rendered":"Visita del Presidente del Segundo Tribunal Ambiental a la SMA"},"content":{"rendered":"<p style=\"text-align: justify;\"><img decoding=\"async\" class=\"size-auto size-full wp-image-16687\" src=\"https:\/\/portal.sma.gob.cl\/wp-content\/uploads\/2017\/04\/nota-TA.jpg\" alt=\"nota-TA\" width=\"760\" height=\"360\" srcset=\"https:\/\/portal.sma.gob.cl\/wp-content\/uploads\/2017\/04\/nota-TA-200x95.jpg 200w, https:\/\/portal.sma.gob.cl\/wp-content\/uploads\/2017\/04\/nota-TA-300x142.jpg 300w, https:\/\/portal.sma.gob.cl\/wp-content\/uploads\/2017\/04\/nota-TA-400x189.jpg 400w, https:\/\/portal.sma.gob.cl\/wp-content\/uploads\/2017\/04\/nota-TA-600x284.jpg 600w, https:\/\/portal.sma.gob.cl\/wp-content\/uploads\/2017\/04\/nota-TA.jpg 760w\" sizes=\"(max-width: 760px) 100vw, 760px\" \/><\/p>\n<p style=\"text-align: justify;\"><strong>En la oportunidad compartieron temas vinculados al quehacer de ambas instituciones.<\/strong><\/p>\n<p>  <!--more-->  <\/p>\n<p style=\"text-align: justify;\"><strong style=\"font-size: 12.16px;\">Santiago, 12 de abril de 2016.<\/strong> Esta ma\u00f1ana se reunieron en dependencia de la Superintendencia del Medioambiente, el nuevo Presidente del Segundo Tribunal Ambiental, se\u00f1or Alejandro Ruiz y Cristi\u00e1n Franz, Superintendente del Medio Ambiente. En la oportunidad compartieron temas vinculados al quehacer de ambas instituciones.<\/p>\n<p style=\"text-align: justify;\">El Ministro Alejandro Ruiz asumi\u00f3 recientemente como Presidente del Tribunal Ambiental de Santiago para el per\u00edodo 2017- 2018, transform\u00e1ndose en el tercer presidente de esta judicatura especializada desde su constituci\u00f3n en diciembre de 2012. Recibi\u00f3 el cargo de parte del Presidente saliente, Ministro Rafael Asenjo.<\/p>\n<p style=\"text-align: justify;\">Cabe recordar que los Tribunales Ambientales son un \u00f3rgano jurisdiccional especial, aut\u00f3nomo e independiente, cuya funci\u00f3n es resolver las controversias medioambientales de su competencia y ocuparse de los dem\u00e1s asuntos que la ley somete a su conocimiento.&nbsp;<\/p>\n<p style=\"text-align: justify;\">&nbsp;<\/p>\n","protected":false},"excerpt":{"rendered":"<p>En la oportunidad compartieron temas vinculados al quehacer de ambas instituciones.<\/p>\n","protected":false},"author":3,"featured_media":16687,"comment_status":"open","ping_status":"open","sticky":false,"template":"","format":"standard","meta":{"footnotes":""},"categories":[94],"tags":[],"class_list":["post-16688","post","type-post","status-publish","format-standard","has-post-thumbnail","hentry","category-notas-noticias"],"_links":{"self":[{"href":"https:\/\/portal.sma.gob.cl\/index.php\/wp-json\/wp\/v2\/posts\/16688","targetHints":{"allow":["GET"]}}],"collection":[{"href":"https:\/\/portal.sma.gob.cl\/index.php\/wp-json\/wp\/v2\/posts"}],"about":[{"href":"https:\/\/portal.sma.gob.cl\/index.php\/wp-json\/wp\/v2\/types\/post"}],"author":[{"embeddable":true,"href":"https:\/\/portal.sma.gob.cl\/index.php\/wp-json\/wp\/v2\/users\/3"}],"replies":[{"embeddable":true,"href":"https:\/\/portal.sma.gob.cl\/index.php\/wp-json\/wp\/v2\/comments?post=16688"}],"version-history":[{"count":0,"href":"https:\/\/portal.sma.gob.cl\/index.php\/wp-json\/wp\/v2\/posts\/16688\/revisions"}],"wp:featuredmedia":[{"embeddable":true,"href":"https:\/\/portal.sma.gob.cl\/index.php\/wp-json\/wp\/v2\/media\/16687"}],"wp:attachment":[{"href":"https:\/\/portal.sma.gob.cl\/index.php\/wp-json\/wp\/v2\/media?parent=16688"}],"wp:term":[{"taxonomy":"category","embeddable":true,"href":"https:\/\/portal.sma.gob.cl\/index.php\/wp-json\/wp\/v2\/categories?post=16688"},{"taxonomy":"post_tag","embeddable":true,"href":"https:\/\/portal.sma.gob.cl\/index.php\/wp-json\/wp\/v2\/tags?post=16688"}],"curies":[{"name":"wp","href":"https:\/\/api.w.org\/{rel}","templated":true}]}}