{"id":16694,"date":"2017-04-28T12:39:01","date_gmt":"2017-04-28T12:39:01","guid":{"rendered":"https:\/\/portal.sma.gob.cl\/index.php\/2017\/04\/28\/fiscalizadores-de-la-sma-se-reunen-para-planificar-acciones-de-2017\/"},"modified":"2017-04-28T12:39:01","modified_gmt":"2017-04-28T12:39:01","slug":"fiscalizadores-de-la-sma-se-reunen-para-planificar-acciones-de-2017","status":"publish","type":"post","link":"https:\/\/portal.sma.gob.cl\/index.php\/fiscalizadores-de-la-sma-se-reunen-para-planificar-acciones-de-2017\/","title":{"rendered":"Fiscalizadores de la SMA se re\u00fanen para planificar acciones de 2017"},"content":{"rendered":"<p style=\"text-align: justify;\"><strong><img decoding=\"async\" class=\"size-auto size-full wp-image-16693\" src=\"https:\/\/portal.sma.gob.cl\/wp-content\/uploads\/2017\/04\/nota-DFZ.jpg\" alt=\"nota-DFZ\" width=\"760\" height=\"360\" srcset=\"https:\/\/portal.sma.gob.cl\/wp-content\/uploads\/2017\/04\/nota-DFZ-200x95.jpg 200w, https:\/\/portal.sma.gob.cl\/wp-content\/uploads\/2017\/04\/nota-DFZ-300x142.jpg 300w, https:\/\/portal.sma.gob.cl\/wp-content\/uploads\/2017\/04\/nota-DFZ-400x189.jpg 400w, https:\/\/portal.sma.gob.cl\/wp-content\/uploads\/2017\/04\/nota-DFZ-600x284.jpg 600w, https:\/\/portal.sma.gob.cl\/wp-content\/uploads\/2017\/04\/nota-DFZ.jpg 760w\" sizes=\"(max-width: 760px) 100vw, 760px\" \/><\/strong><\/p>\n<p style=\"text-align: justify;\"><strong>Esta semana se realiz\u00f3 el Primer Taller de Fiscalizaci\u00f3n del a\u00f1o, en el cual se revisaron los criterios generales de fiscalizaci\u00f3n, seguimiento ambiental, terceros autorizados y se analiz\u00f3 la nueva gesti\u00f3n regional de denuncias.<\/strong><\/p>\n<p>  <!--more-->  <\/p>\n<p style=\"text-align: justify;\"><strong>Santiago, 27 de abril de 2017.<\/strong> Este jueves culmin\u00f3 el Primer Taller de Fiscalizaci\u00f3n 2017, instancia que re\u00fane a los m\u00e1s de 60 profesionales de la Divisi\u00f3n de Fiscalizaci\u00f3n de la Superintendencia del Medio Ambiente (SMA).<\/p>\n<p style=\"text-align: justify;\">La instancia cont\u00f3 con tres d\u00edas de talleres, capacitaciones y jornadas de di\u00e1logo para propuestas de mejora y estrategias de fortalecimiento institucional. El jefe de la Divisi\u00f3n de Fiscalizaci\u00f3n, Rub\u00e9n Verdugo, enfatiz\u00f3 que la actividad permite realizar un an\u00e1lisis de los criterios generales de la fiscalizaci\u00f3n que realiza la SMA, junto con una evaluaci\u00f3n de los proyectos, compromisos y desaf\u00edos para 2017 de la instituci\u00f3n.<\/p>\n<p style=\"text-align: justify;\">\u201cEsta es una instancia que nos permite tener la visi\u00f3n de los fiscalizadores desde Arica a Punta Arenas, aprender de las mejores pr\u00e1cticas que estamos implementando en algunas regiones, y proponer mejoras que nos permitan continuar con el desaf\u00edo del fortalecimiento institucional\u201d, se\u00f1al\u00f3 Verdugo.<\/p>\n","protected":false},"excerpt":{"rendered":"<p>Esta semana se realiz\u00f3 el Primer Taller de Fiscalizaci\u00f3n del a\u00f1o, en el cual se revisaron los criterios generales de fiscalizaci\u00f3n, seguimiento ambiental, terceros autorizados y se analiz\u00f3 la nueva gesti\u00f3n regional de denuncias.<\/p>\n","protected":false},"author":3,"featured_media":16693,"comment_status":"open","ping_status":"open","sticky":false,"template":"","format":"standard","meta":{"footnotes":""},"categories":[94],"tags":[],"class_list":["post-16694","post","type-post","status-publish","format-standard","has-post-thumbnail","hentry","category-notas-noticias"],"_links":{"self":[{"href":"https:\/\/portal.sma.gob.cl\/index.php\/wp-json\/wp\/v2\/posts\/16694","targetHints":{"allow":["GET"]}}],"collection":[{"href":"https:\/\/portal.sma.gob.cl\/index.php\/wp-json\/wp\/v2\/posts"}],"about":[{"href":"https:\/\/portal.sma.gob.cl\/index.php\/wp-json\/wp\/v2\/types\/post"}],"author":[{"embeddable":true,"href":"https:\/\/portal.sma.gob.cl\/index.php\/wp-json\/wp\/v2\/users\/3"}],"replies":[{"embeddable":true,"href":"https:\/\/portal.sma.gob.cl\/index.php\/wp-json\/wp\/v2\/comments?post=16694"}],"version-history":[{"count":0,"href":"https:\/\/portal.sma.gob.cl\/index.php\/wp-json\/wp\/v2\/posts\/16694\/revisions"}],"wp:featuredmedia":[{"embeddable":true,"href":"https:\/\/portal.sma.gob.cl\/index.php\/wp-json\/wp\/v2\/media\/16693"}],"wp:attachment":[{"href":"https:\/\/portal.sma.gob.cl\/index.php\/wp-json\/wp\/v2\/media?parent=16694"}],"wp:term":[{"taxonomy":"category","embeddable":true,"href":"https:\/\/portal.sma.gob.cl\/index.php\/wp-json\/wp\/v2\/categories?post=16694"},{"taxonomy":"post_tag","embeddable":true,"href":"https:\/\/portal.sma.gob.cl\/index.php\/wp-json\/wp\/v2\/tags?post=16694"}],"curies":[{"name":"wp","href":"https:\/\/api.w.org\/{rel}","templated":true}]}}