{"id":16696,"date":"2017-05-02T15:10:58","date_gmt":"2017-05-02T15:10:58","guid":{"rendered":"https:\/\/portal.sma.gob.cl\/index.php\/2017\/05\/02\/superintendente-participa-en-reunion-de-la-red-sudamericana-de-fiscalizacion-y-cumplimiento-ambiental-en-ecuador\/"},"modified":"2017-05-02T15:10:58","modified_gmt":"2017-05-02T15:10:58","slug":"superintendente-participa-en-reunion-de-la-red-sudamericana-de-fiscalizacion-y-cumplimiento-ambiental-en-ecuador","status":"publish","type":"post","link":"https:\/\/portal.sma.gob.cl\/index.php\/superintendente-participa-en-reunion-de-la-red-sudamericana-de-fiscalizacion-y-cumplimiento-ambiental-en-ecuador\/","title":{"rendered":"Superintendente participa en reuni\u00f3n de la Red Sudamericana de Fiscalizaci\u00f3n y Cumplimiento Ambiental en Ecuador"},"content":{"rendered":"<p>&nbsp;<\/p>\n<p><strong><img decoding=\"async\" class=\"size-auto size-full wp-image-16695\" src=\"https:\/\/portal.sma.gob.cl\/wp-content\/uploads\/2017\/05\/nota-Ecuador.jpg\" alt=\"nota-Ecuador\" width=\"760\" height=\"360\" srcset=\"https:\/\/portal.sma.gob.cl\/wp-content\/uploads\/2017\/05\/nota-Ecuador-200x95.jpg 200w, https:\/\/portal.sma.gob.cl\/wp-content\/uploads\/2017\/05\/nota-Ecuador-300x142.jpg 300w, https:\/\/portal.sma.gob.cl\/wp-content\/uploads\/2017\/05\/nota-Ecuador-400x189.jpg 400w, https:\/\/portal.sma.gob.cl\/wp-content\/uploads\/2017\/05\/nota-Ecuador-600x284.jpg 600w, https:\/\/portal.sma.gob.cl\/wp-content\/uploads\/2017\/05\/nota-Ecuador.jpg 760w\" sizes=\"(max-width: 760px) 100vw, 760px\" \/><\/strong><\/p>\n<p style=\"text-align: justify;\"><strong>En Quito se dieron cita las autoridades ambientales de Brasil, Panam\u00e1, Per\u00fa y Ecuador.<\/strong><\/p>\n<p>  <!--more-->  <\/p>\n<p style=\"text-align: justify;\"><strong>Quito, 28 de abril de 2017.<\/strong> Dos d\u00edas de intensas actividades se desarrollaron en la capital de Ecuador durante un nuevo encuentro de los representantes de la Red Sudamericana de Fiscalizaci\u00f3n y Cumplimiento Ambiental (Redsufica), creada en 2013, la cual busca articular una adecuada cooperaci\u00f3n entre los organismos medioambientales de los pa\u00edses de Sudam\u00e9rica.<\/p>\n<p style=\"text-align: justify;\">En esta oportunidad, el Ministerio del Ambiente de Ecuador fue el anfitri\u00f3n del taller \u201cIndicadores Ambientales, un aporte para el fortalecimiento del control y fiscalizaci\u00f3n ambiental en Am\u00e9rica Latina\u201d. El taller fue inaugurado por Juan Carlos Soria, Viceministro del Ambiente y cont\u00f3 con la presencia de Cristi\u00e1n Franz, Superintendente de Medio Ambiente de Chile; Govinda Terra, Representante del Instituto Brasile\u00f1o del Medio Ambiente y de los Recursos Naturales Renovables; Tessy Torres, Presidenta del Consejo Directivo del Organismo de Evaluaci\u00f3n y Fiscalizaci\u00f3n Ambiental del Per\u00fa, entre otras autoridades.<\/p>\n<p style=\"text-align: justify;\">El Superintendente del Medio Ambiente, Cristi\u00e1n Franz, present\u00f3 la primera ponencia del taller llamada \u201cLa importancia de la fiscalizaci\u00f3n ambiental y la generaci\u00f3n de indicadores para una buena gesti\u00f3n\u201d. En su presentaci\u00f3n, explic\u00f3 el modelo de gesti\u00f3n de la SMA, sus funciones, el modelo de Fiscalizaci\u00f3n Ambiental Estrat\u00e9gica que ha implementado la Superintendencia, y desarroll\u00f3 la importancia de los indicadores y la generaci\u00f3n de informaci\u00f3n para los organismos fiscalizadores.<\/p>\n<p style=\"text-align: justify;\">Respecto de la experiencia y el avance de la SMA en materia de indicadores, el Superintendente explic\u00f3 que \u201ces necesario establecer criterios e indicadores alineados al quehacer del organismo; se requiere avanzar en el desarrollo de metodolog\u00edas de levantamiento de informaci\u00f3n y sistemas inform\u00e1ticos de apoyo; se deben establecer metodolog\u00edas de apoyo y replicabilidad en el tiempo; y se necesita desarrollar bases consolidadas de gesti\u00f3n de las instituciones ambientales\u201d.<\/p>\n<p style=\"text-align: justify;\">En ese sentido, analiz\u00f3 el desarrollo de conceptos como \u201cUnidad Fiscalizable\u201d, a trav\u00e9s del cual se puede identificar a una instalaci\u00f3n regida por uno o m\u00e1s instrumentos de gesti\u00f3n ambiental; la consolidaci\u00f3n de bases de datos y la constante actualizaci\u00f3n del Sistema Nacional de Fiscalizaci\u00f3n Ambiental (SNIFA), el cual \u201ces un sistema web que permite a todas las personas acceder a m\u00e1s de 50.000 archivos de fiscalizaciones, procedimientos sancionatorios y tambi\u00e9n permite buscar en el mapa las instalaciones o proyectos cercanos a mi hogar o lugar de trabajo, y ver si \u00e9stos han sido fiscalizados, por ejemplo\u201d.<\/p>\n<p style=\"text-align: justify;\">Entre los desaf\u00edos para la regi\u00f3n, el Superintendente hizo hincapi\u00e9 en la necesidad de avanzar en el desarrollo de una fuerte base de estad\u00edsticas medioambientales. \u201cEn Am\u00e9rica Latina los indicadores ambientales se encuentran en proceso de desarrollo. Sin embargo, se reconoce la necesidad de avanzar simult\u00e1neamente en el desarrollo de series estad\u00edsticas ambientales oficiales que puedan alimentar sistem\u00e1ticamente a los indicadores. Esta es una oportunidad para el trabajo de la Red Sudamericana de Fiscalizaci\u00f3n\u201d, explic\u00f3 Franz en su ponencia.<\/p>\n<p style=\"text-align: justify;\">Durante los dos d\u00edas que dur\u00f3 la actividad, se presentaron ponencias por parte de altos representantes del Ministerio del Medio Ambiente de Ecuador, de Panam\u00e1 y del Instituto Brasilero del Medio Ambiente. Esta instancia permite fortalecer los procesos de control y fiscalizaci\u00f3n ambiental en Sudam\u00e9rica, entre pa\u00edses que comparten realidades similares, permitiendo as\u00ed el aprendizaje y compartir las mejores pr\u00e1cticas en la regi\u00f3n.<\/p>\n","protected":false},"excerpt":{"rendered":"<p>&nbsp; En Quito se dieron cita las autoridades ambientales de Brasil, Panam\u00e1, Per\u00fa y Ecuador.<\/p>\n","protected":false},"author":3,"featured_media":16695,"comment_status":"open","ping_status":"open","sticky":false,"template":"","format":"standard","meta":{"footnotes":""},"categories":[94],"tags":[],"class_list":["post-16696","post","type-post","status-publish","format-standard","has-post-thumbnail","hentry","category-notas-noticias"],"_links":{"self":[{"href":"https:\/\/portal.sma.gob.cl\/index.php\/wp-json\/wp\/v2\/posts\/16696","targetHints":{"allow":["GET"]}}],"collection":[{"href":"https:\/\/portal.sma.gob.cl\/index.php\/wp-json\/wp\/v2\/posts"}],"about":[{"href":"https:\/\/portal.sma.gob.cl\/index.php\/wp-json\/wp\/v2\/types\/post"}],"author":[{"embeddable":true,"href":"https:\/\/portal.sma.gob.cl\/index.php\/wp-json\/wp\/v2\/users\/3"}],"replies":[{"embeddable":true,"href":"https:\/\/portal.sma.gob.cl\/index.php\/wp-json\/wp\/v2\/comments?post=16696"}],"version-history":[{"count":0,"href":"https:\/\/portal.sma.gob.cl\/index.php\/wp-json\/wp\/v2\/posts\/16696\/revisions"}],"wp:featuredmedia":[{"embeddable":true,"href":"https:\/\/portal.sma.gob.cl\/index.php\/wp-json\/wp\/v2\/media\/16695"}],"wp:attachment":[{"href":"https:\/\/portal.sma.gob.cl\/index.php\/wp-json\/wp\/v2\/media?parent=16696"}],"wp:term":[{"taxonomy":"category","embeddable":true,"href":"https:\/\/portal.sma.gob.cl\/index.php\/wp-json\/wp\/v2\/categories?post=16696"},{"taxonomy":"post_tag","embeddable":true,"href":"https:\/\/portal.sma.gob.cl\/index.php\/wp-json\/wp\/v2\/tags?post=16696"}],"curies":[{"name":"wp","href":"https:\/\/api.w.org\/{rel}","templated":true}]}}