{"id":16698,"date":"2017-05-02T15:29:20","date_gmt":"2017-05-02T15:29:20","guid":{"rendered":"https:\/\/portal.sma.gob.cl\/index.php\/2017\/05\/02\/parque-nacional\/"},"modified":"2017-05-02T15:29:20","modified_gmt":"2017-05-02T15:29:20","slug":"parque-nacional","status":"publish","type":"post","link":"https:\/\/portal.sma.gob.cl\/index.php\/parque-nacional\/","title":{"rendered":"SMA inicia proceso de sanci\u00f3n contra proyecto inmobiliario en Parque Nacional Vicente P\u00e9rez Rosales"},"content":{"rendered":"<p style=\"text-align: justify;\"><strong><img decoding=\"async\" class=\"size-auto size-full wp-image-16697\" src=\"https:\/\/portal.sma.gob.cl\/wp-content\/uploads\/2017\/05\/NOTA-ParqueNacionalVicenteP%C3%A9rez.jpg\" alt=\"NOTA-ParqueNacionalVicenteP\u00e9rez\" width=\"760\" height=\"360\" \/><\/strong><\/p>\n<p style=\"text-align: justify;\"><strong>La iniciativa consta de 200 parcelas de agrado, la cual no ha sido evaluada ambientalmente, lo que podr\u00eda afectar los componentes de dicho parque, ubicado en la Regi\u00f3n de Los Lagos.<\/strong><\/p>\n<p>  <!--more-->  <\/p>\n<p style=\"text-align: justify;\"><strong>Puerto Montt, 2 de mayo 2017.<\/strong> La Superintendencia del Medio Ambiente (SMA) inici\u00f3 un procedimiento sancionatorio a trav\u00e9s de una formulaci\u00f3n de cargos contra Sociedad e Inmobiliaria e Inversiones Puerto Esmeralda Ltda., titular del proyecto \u201cPuerto Esmeralda\u201d, consistente en un loteo de m\u00e1s de 200 parcelas de agrado ubicado en el sector Punta Huano, al interior del Parque Nacional Vicente P\u00e9rez Rosales de la Regi\u00f3n de Los Lagos.<\/p>\n<p style=\"text-align: justify;\">La CONAF de la Regi\u00f3n de Los Lagos denunci\u00f3 a la SMA que dicha instalaci\u00f3n no cuenta con la debida Resoluci\u00f3n de Calificaci\u00f3n Ambiental (RCA) para su ejecuci\u00f3n. Cabe se\u00f1alar que seg\u00fan la Ley 19.3000 Sobre Bases Generales del Medio Ambiente, los proyectos o actividades que ejecuten obras en parques nacionales, reservas nacionales, monumentos naturales, entre otros, deben someterse al Sistema de Evaluaci\u00f3n Ambiental.<\/p>\n<p style=\"text-align: justify;\">Seg\u00fan la denuncia enviada por CONAF, el proyecto abarca un \u00e1rea de 430 has dentro del Parque, y de materializarse, producir\u00eda impactos que podr\u00edan implicar impactos significativos por las construcciones de casas, caminos, redes de agua y el\u00e9ctrica, equipamiento comercial, las cuales se desarrollar\u00edan en terrenos de propiedad privada, pero afectos a la condici\u00f3n de Parque Nacional. Asimismo, consultado el Servicio de Evaluaci\u00f3n Ambiental (SEA) de la Regi\u00f3n de Los R\u00edos, \u00e9ste se\u00f1al\u00f3 que el proyecto debe ser sometido a evaluaci\u00f3n Ambiental.<\/p>\n<p style=\"text-align: justify;\">Cabe se\u00f1alar que el Parque Nacional Vicente P\u00e9rez Rosales posee una superficie de m\u00e1s de 253 mil hect\u00e1reas y es una de las \u00e1reas silvestres m\u00e1s importantes del pa\u00eds, por lo que cualquier actividad que se desarrolle dentro de sus terrenos requiere una adecuada evaluaci\u00f3n.<\/p>\n<p style=\"text-align: justify;\">\u201cEn este caso, debido a los antecedentes que nos hizo llegar CONAF, se inici\u00f3 una evaluaci\u00f3n de los datos y se inici\u00f3 este proceso sancionatorio. No realizar la debida evaluaci\u00f3n ambiental es un hecho que constantemente nos denuncian en la Superintendencia, y para nosotros reviste la mayor de las importancias, m\u00e1s cuando se trata de actividades que pueden alterar las condiciones de un Parque Nacional\u201d, indic\u00f3 Ivonne Mansilla, jefa de la Oficina Regional de Los Lagos.<\/p>\n<p style=\"text-align: justify;\">Cabe destacar que la formulaci\u00f3n de cargos es el inicio de un procedimiento sancionatorio por parte de la SMA. En tanto, el infractor tendr\u00e1 10 d\u00edas de plazo para presentar un Programa de Cumplimiento o 15 d\u00edas de plazo para formular descargos ante esta Superintendencia. Dicho Programa es un plan de acciones y metas presentado por el infractor, para que dentro de un plazo fijado por la Superintendencia, el titular enmiende sus problemas, realice las inversiones necesarias y vuelva a cumplir con la normativa aplicable.<\/p>\n<p style=\"text-align: justify;\">M\u00e1s informaci\u00f3n del caso en el <a href=\"http:\/\/snifa.sma.gob.cl\/v2\/Sancionatorio\/Ficha\/1529\">Sistema Nacional de Informaci\u00f3n de Fiscalizaci\u00f3n Ambiental (SNIFA).<\/a><\/p>\n","protected":false},"excerpt":{"rendered":"<p>La iniciativa consta de 200 parcelas de agrado, la cual no ha sido evaluada ambientalmente, lo que podr\u00eda afectar los componentes de dicho parque, ubicado en la Regi\u00f3n de Los Lagos.<\/p>\n","protected":false},"author":3,"featured_media":16697,"comment_status":"open","ping_status":"open","sticky":false,"template":"","format":"standard","meta":{"footnotes":""},"categories":[90],"tags":[],"class_list":["post-16698","post","type-post","status-publish","format-standard","has-post-thumbnail","hentry","category-comunicados-noticias"],"_links":{"self":[{"href":"https:\/\/portal.sma.gob.cl\/index.php\/wp-json\/wp\/v2\/posts\/16698","targetHints":{"allow":["GET"]}}],"collection":[{"href":"https:\/\/portal.sma.gob.cl\/index.php\/wp-json\/wp\/v2\/posts"}],"about":[{"href":"https:\/\/portal.sma.gob.cl\/index.php\/wp-json\/wp\/v2\/types\/post"}],"author":[{"embeddable":true,"href":"https:\/\/portal.sma.gob.cl\/index.php\/wp-json\/wp\/v2\/users\/3"}],"replies":[{"embeddable":true,"href":"https:\/\/portal.sma.gob.cl\/index.php\/wp-json\/wp\/v2\/comments?post=16698"}],"version-history":[{"count":0,"href":"https:\/\/portal.sma.gob.cl\/index.php\/wp-json\/wp\/v2\/posts\/16698\/revisions"}],"wp:featuredmedia":[{"embeddable":true,"href":"https:\/\/portal.sma.gob.cl\/index.php\/wp-json\/wp\/v2\/media\/16697"}],"wp:attachment":[{"href":"https:\/\/portal.sma.gob.cl\/index.php\/wp-json\/wp\/v2\/media?parent=16698"}],"wp:term":[{"taxonomy":"category","embeddable":true,"href":"https:\/\/portal.sma.gob.cl\/index.php\/wp-json\/wp\/v2\/categories?post=16698"},{"taxonomy":"post_tag","embeddable":true,"href":"https:\/\/portal.sma.gob.cl\/index.php\/wp-json\/wp\/v2\/tags?post=16698"}],"curies":[{"name":"wp","href":"https:\/\/api.w.org\/{rel}","templated":true}]}}