{"id":16700,"date":"2017-05-03T21:07:05","date_gmt":"2017-05-03T21:07:05","guid":{"rendered":"https:\/\/portal.sma.gob.cl\/index.php\/2017\/05\/03\/impuestos-verdes-amplia-convocatoria-de-talleres-para-regulados-que-deben-reportar-emisiones\/"},"modified":"2017-05-03T21:07:05","modified_gmt":"2017-05-03T21:07:05","slug":"impuestos-verdes-amplia-convocatoria-de-talleres-para-regulados-que-deben-reportar-emisiones","status":"publish","type":"post","link":"https:\/\/portal.sma.gob.cl\/index.php\/impuestos-verdes-amplia-convocatoria-de-talleres-para-regulados-que-deben-reportar-emisiones\/","title":{"rendered":"Impuestos verdes: Amplia convocatoria tuvieron talleres para regulados que deben reportar emisiones"},"content":{"rendered":"<p><strong><img decoding=\"async\" class=\"size-auto size-full wp-image-16699\" src=\"https:\/\/portal.sma.gob.cl\/wp-content\/uploads\/2017\/05\/Nota-Taller_Impuestos_verdes.jpg\" alt=\"Nota-Taller Impuestos verdes\" width=\"760\" height=\"360\" srcset=\"https:\/\/portal.sma.gob.cl\/wp-content\/uploads\/2017\/05\/Nota-Taller_Impuestos_verdes-200x95.jpg 200w, https:\/\/portal.sma.gob.cl\/wp-content\/uploads\/2017\/05\/Nota-Taller_Impuestos_verdes-300x142.jpg 300w, https:\/\/portal.sma.gob.cl\/wp-content\/uploads\/2017\/05\/Nota-Taller_Impuestos_verdes-400x189.jpg 400w, https:\/\/portal.sma.gob.cl\/wp-content\/uploads\/2017\/05\/Nota-Taller_Impuestos_verdes-600x284.jpg 600w, https:\/\/portal.sma.gob.cl\/wp-content\/uploads\/2017\/05\/Nota-Taller_Impuestos_verdes.jpg 760w\" sizes=\"(max-width: 760px) 100vw, 760px\" \/><\/strong><\/p>\n<p><strong>M\u00e1s de 120 personas participaron en los tres talleres realizados en Antofagasta, Santiago y Concepci\u00f3n.<\/strong><\/p>\n<p>  <!--more-->  <\/p>\n<p><strong>Concepci\u00f3n, 21 de abril de 2017.<\/strong> Con gran \u00e9xito se llev\u00f3 a cabo el tercer taller dictado por la SMA, destinado a los encargados de reportar las emisiones de las instalaciones afectas al nuevo gravamen establecido en la Reforma Tributaria (Ley N\u00b0 20.780 y reglamentada a trav\u00e9s del D.S. N\u00b0 18 del 30 de diciembre de 2016).<br \/>Cabe recordar que dicha reforma estableci\u00f3 un gravamen sobre las emisiones de material particulado, \u00f3xido de nitr\u00f3geno, di\u00f3xido de azufre y di\u00f3xido de carbono (MP, NOx, SO2 y CO2, respectivamente), de calderas y turbinas que individualmente, o en su conjunto, sumen una potencia t\u00e9rmica nominal mayor o igual a 50 MWt. La vigencia de este gravamen se inici\u00f3 el 1 de enero de 2017.<br \/>En la cita realizada en Concepci\u00f3n participaron m\u00e1s de 80 representantes de instalaciones afectas al nuevo impuesto, a lo que se suman m\u00e1s de 60 participantes en los talleres que se realizaron en abril en las ciudades de Santiago y Antofagasta.<br \/>En la oportunidad se explicaron los alcances del instructivo de Cuantificaci\u00f3n de Emisiones de Fuentes Fijas (R.E 1053\/2016) que presenta 11 metodolog\u00edas disponibles para realizar la cuantificaci\u00f3n de emisiones de MP, NOx, SO2 y CO2, y establece las condiciones en que los establecimientos pueden optar a estas.<br \/>Tambi\u00e9n se detallaron los alcances del instructivo para el reporte de las emisiones de fuentes fijas (R.E. 184 de 2017), el cual establece las directrices respecto de la ruta, plazos y forma de reportar las emisiones. <br \/>En un tercer bloque, se explic\u00f3 c\u00f3mo funciona el Sistema de Reportes web, que permitir\u00e1 a las empresas acceder a trav\u00e9s de la <a href=\"http:\/\/vu.mma.gob.cl\">Ventanilla \u00danica de Registro de Emisiones y Transferencia de Contaminantes (RETC)<\/a>, reportando a trav\u00e9s del sistema de informaci\u00f3n de centrales termoel\u00e9ctricas (SICTER) y\/o del sistema de impuesto verde (SIV), seg\u00fan corresponda.<\/p>\n","protected":false},"excerpt":{"rendered":"<p>M\u00e1s de 120 personas participaron en los tres talleres realizados en Antofagasta, Santiago y Concepci\u00f3n.<\/p>\n","protected":false},"author":3,"featured_media":16699,"comment_status":"open","ping_status":"open","sticky":false,"template":"","format":"standard","meta":{"footnotes":""},"categories":[94],"tags":[],"class_list":["post-16700","post","type-post","status-publish","format-standard","has-post-thumbnail","hentry","category-notas-noticias"],"_links":{"self":[{"href":"https:\/\/portal.sma.gob.cl\/index.php\/wp-json\/wp\/v2\/posts\/16700","targetHints":{"allow":["GET"]}}],"collection":[{"href":"https:\/\/portal.sma.gob.cl\/index.php\/wp-json\/wp\/v2\/posts"}],"about":[{"href":"https:\/\/portal.sma.gob.cl\/index.php\/wp-json\/wp\/v2\/types\/post"}],"author":[{"embeddable":true,"href":"https:\/\/portal.sma.gob.cl\/index.php\/wp-json\/wp\/v2\/users\/3"}],"replies":[{"embeddable":true,"href":"https:\/\/portal.sma.gob.cl\/index.php\/wp-json\/wp\/v2\/comments?post=16700"}],"version-history":[{"count":0,"href":"https:\/\/portal.sma.gob.cl\/index.php\/wp-json\/wp\/v2\/posts\/16700\/revisions"}],"wp:featuredmedia":[{"embeddable":true,"href":"https:\/\/portal.sma.gob.cl\/index.php\/wp-json\/wp\/v2\/media\/16699"}],"wp:attachment":[{"href":"https:\/\/portal.sma.gob.cl\/index.php\/wp-json\/wp\/v2\/media?parent=16700"}],"wp:term":[{"taxonomy":"category","embeddable":true,"href":"https:\/\/portal.sma.gob.cl\/index.php\/wp-json\/wp\/v2\/categories?post=16700"},{"taxonomy":"post_tag","embeddable":true,"href":"https:\/\/portal.sma.gob.cl\/index.php\/wp-json\/wp\/v2\/tags?post=16700"}],"curies":[{"name":"wp","href":"https:\/\/api.w.org\/{rel}","templated":true}]}}