{"id":16702,"date":"2017-05-05T20:01:38","date_gmt":"2017-05-05T20:01:38","guid":{"rendered":"https:\/\/portal.sma.gob.cl\/index.php\/2017\/05\/05\/copiapo-sma-realiza-capacitacion-respecto-de-olores-molestos\/"},"modified":"2017-05-05T20:01:38","modified_gmt":"2017-05-05T20:01:38","slug":"copiapo-sma-realiza-capacitacion-respecto-de-olores-molestos","status":"publish","type":"post","link":"https:\/\/portal.sma.gob.cl\/index.php\/copiapo-sma-realiza-capacitacion-respecto-de-olores-molestos\/","title":{"rendered":"COPIAP\u00d3: SMA realiza capacitaci\u00f3n respecto de olores"},"content":{"rendered":"<p style=\"text-align: justify;\"><strong><img decoding=\"async\" class=\"size-auto size-full wp-image-16701\" src=\"https:\/\/portal.sma.gob.cl\/wp-content\/uploads\/2017\/05\/NOTA-COPIAPO.jpg\" alt=\"NOTA-COPIAPO\" width=\"760\" height=\"360\" srcset=\"https:\/\/portal.sma.gob.cl\/wp-content\/uploads\/2017\/05\/NOTA-COPIAPO-200x95.jpg 200w, https:\/\/portal.sma.gob.cl\/wp-content\/uploads\/2017\/05\/NOTA-COPIAPO-300x142.jpg 300w, https:\/\/portal.sma.gob.cl\/wp-content\/uploads\/2017\/05\/NOTA-COPIAPO-400x189.jpg 400w, https:\/\/portal.sma.gob.cl\/wp-content\/uploads\/2017\/05\/NOTA-COPIAPO-600x284.jpg 600w, https:\/\/portal.sma.gob.cl\/wp-content\/uploads\/2017\/05\/NOTA-COPIAPO.jpg 760w\" sizes=\"(max-width: 760px) 100vw, 760px\" \/><\/strong><\/p>\n<p style=\"text-align: justify;\"><strong>En la charla se abordaron los m\u00e9todos de cuantificaci\u00f3n y evaluaci\u00f3n de olor.<\/strong><\/p>\n<p>  <!--more-->  <\/p>\n<p style=\"text-align: justify;\"><strong>Copiap\u00f3, 5 de mayo de 2017.<\/strong> Esta ma\u00f1ana se realiz\u00f3 en la Oficina Regional de Atacama, en la ciudad de Copiap\u00f3, una Capacitaci\u00f3n en Materia de Olores para los fiscalizadores regionales y funcionarios del Servicio de Evaluaci\u00f3n Ambiental (SEA) de la regi\u00f3n, totalizando 12 funcionarios.<\/p>\n<p style=\"text-align: justify;\">En la oportunidad, mediante videoconferencia, se abordaron los m\u00e9todos de cuantificaci\u00f3n y evaluaci\u00f3n de olor, en el marco de la evaluaci\u00f3n ambiental de un proyecto. El jefe de la secci\u00f3n t\u00e9cnica de la Divisi\u00f3n de Fiscalizaci\u00f3n de la SMA, Juan Pablo Rodr\u00edguez, expuso respecto del rol de la SMA; la evaluaci\u00f3n de molestia por olor; las fuentes con potencial odorante y medidas generales de mitigaci\u00f3n.<\/p>\n<p style=\"text-align: justify;\">\u201cLas capacitaciones son un trabajo fundamental que realizamos como Superintendencia, para mantener a nuestros profesionales actualizados con las mejores t\u00e9cnicas, como tambi\u00e9n para compartir la experiencia con otros servicios p\u00fablicos. En este caso con el Servicio de Evaluaci\u00f3n Ambiental, considerando que un trabajo mancomunado con ellos nos permitir\u00e1 tener RCA\u2019s con par\u00e1metros m\u00e1s concretos para realizar una mejor actividad de fiscalizaci\u00f3n\u201d, afirm\u00f3 Felipe S\u00e1nchez, jefe de la Oficina Regional de Atacama.<\/p>\n","protected":false},"excerpt":{"rendered":"<p>En la charla se abordaron los m\u00e9todos de cuantificaci\u00f3n y evaluaci\u00f3n de olor.<\/p>\n","protected":false},"author":3,"featured_media":16701,"comment_status":"open","ping_status":"open","sticky":false,"template":"","format":"standard","meta":{"footnotes":""},"categories":[94],"tags":[],"class_list":["post-16702","post","type-post","status-publish","format-standard","has-post-thumbnail","hentry","category-notas-noticias"],"_links":{"self":[{"href":"https:\/\/portal.sma.gob.cl\/index.php\/wp-json\/wp\/v2\/posts\/16702","targetHints":{"allow":["GET"]}}],"collection":[{"href":"https:\/\/portal.sma.gob.cl\/index.php\/wp-json\/wp\/v2\/posts"}],"about":[{"href":"https:\/\/portal.sma.gob.cl\/index.php\/wp-json\/wp\/v2\/types\/post"}],"author":[{"embeddable":true,"href":"https:\/\/portal.sma.gob.cl\/index.php\/wp-json\/wp\/v2\/users\/3"}],"replies":[{"embeddable":true,"href":"https:\/\/portal.sma.gob.cl\/index.php\/wp-json\/wp\/v2\/comments?post=16702"}],"version-history":[{"count":0,"href":"https:\/\/portal.sma.gob.cl\/index.php\/wp-json\/wp\/v2\/posts\/16702\/revisions"}],"wp:featuredmedia":[{"embeddable":true,"href":"https:\/\/portal.sma.gob.cl\/index.php\/wp-json\/wp\/v2\/media\/16701"}],"wp:attachment":[{"href":"https:\/\/portal.sma.gob.cl\/index.php\/wp-json\/wp\/v2\/media?parent=16702"}],"wp:term":[{"taxonomy":"category","embeddable":true,"href":"https:\/\/portal.sma.gob.cl\/index.php\/wp-json\/wp\/v2\/categories?post=16702"},{"taxonomy":"post_tag","embeddable":true,"href":"https:\/\/portal.sma.gob.cl\/index.php\/wp-json\/wp\/v2\/tags?post=16702"}],"curies":[{"name":"wp","href":"https:\/\/api.w.org\/{rel}","templated":true}]}}