{"id":16709,"date":"2017-05-11T20:12:12","date_gmt":"2017-05-11T20:12:12","guid":{"rendered":"https:\/\/portal.sma.gob.cl\/index.php\/2017\/05\/11\/se-celebro-el-sexto-consejo-consultivo-de-la-red-nacional-de-fiscalizacion-ambiental\/"},"modified":"2017-05-11T20:12:12","modified_gmt":"2017-05-11T20:12:12","slug":"se-celebro-el-sexto-consejo-consultivo-de-la-red-nacional-de-fiscalizacion-ambiental","status":"publish","type":"post","link":"https:\/\/portal.sma.gob.cl\/index.php\/se-celebro-el-sexto-consejo-consultivo-de-la-red-nacional-de-fiscalizacion-ambiental\/","title":{"rendered":"Se celebr\u00f3 el sexto Consejo Consultivo de la Red Nacional de Fiscalizaci\u00f3n Ambiental"},"content":{"rendered":"<p style=\"text-align: justify;\"><strong><img decoding=\"async\" class=\"size-auto size-full wp-image-16708\" src=\"https:\/\/portal.sma.gob.cl\/wp-content\/uploads\/2017\/05\/NOTA-reuni%C3%B3n_RENFA.jpg\" alt=\"NOTA-reuni\u00f3n RENFA\" width=\"760\" height=\"360\" \/><\/strong><\/p>\n<p style=\"text-align: justify;\"><strong>En la instancia se destac\u00f3 la implementaci\u00f3n del nuevo Sistema SMA-OS y se expuso un resumen de las actividades de fiscalizaci\u00f3n 2014-2016.<\/strong><\/p>\n<p>  <!--more-->  <\/p>\n<p style=\"text-align: justify;\"><strong>Santiago, 11 de mayo de 2017.<\/strong> Esta ma\u00f1ana se llev\u00f3 a cabo la sexta versi\u00f3n el Consejo Consultivo de la Red Nacional de Fiscalizaci\u00f3n Ambiental (RENFA), instancia que re\u00fane a los jefes de servicios p\u00fablicos y a representantes de los organismos miembros de la red.<br \/>Cabe recordar que la RENFA se form\u00f3 en 2013, como una instancia de colaboraci\u00f3n entre la SMA y 16 servicios p\u00fablicos con competencia ambiental. Desde esa fecha, se han llevado a cabo proyectos conjuntos, fiscalizaciones y convenios de colaboraci\u00f3n.<\/p>\n<p style=\"text-align: justify;\">La sesi\u00f3n de hoy comenz\u00f3 con una exposici\u00f3n sobre el estado de los compromisos adquiridos en el consejo pasado, entre los cuales, se destac\u00f3 la <a href=\"index.php\/noticias\/notas\/816-talleres-sma-os-rm-nuevosistema\">implementaci\u00f3n del Sistema SMA-OS<\/a> y la adhesi\u00f3n de 6 organismos sectoriales que ya se encuentran utiliz\u00e1ndolo en su marcha blanca.<\/p>\n<p style=\"text-align: justify;\">En t\u00e9rminos de fiscalizaci\u00f3n ambiental, en esta sesi\u00f3n la SMA present\u00f3 un resumen de los resultados de las actividades de fiscalizaci\u00f3n desde 2014 a 2016 en el marco del trabajo conjunto, indicando la evoluci\u00f3n en los criterios y estrategias que se utilizan para generar los programas. Asimismo, se revis\u00f3 el avance de los programas y subprogramas 2017 hasta el mes de mayo.<\/p>\n<p style=\"text-align: justify;\">En otro punto de la agenda se present\u00f3 al Consejo un consolidado de los logros obtenidos en el marco de la RENFA y la propuesta del Plan Plurianual 2017-2023 con los principales ejes de trabajo que guiar\u00e1n el trabajo cooperativo de los miembros.<\/p>\n<p style=\"text-align: justify;\">Al final de la sesi\u00f3n, se procedi\u00f3 a la firma del <a href=\"index.php\/noticias\/comunicados\/817-sma-y-sernapesca-firman-protocolo-de-colaboracion\">Convenio de Colaboraci\u00f3n<\/a> entre la Superintendencia del Medio Ambiente, representada por el Superintendente Cristian Franz, y el Servicio Nacional de Pesca y Acuicultura, representado por su Director Nacional, Jos\u00e9 Miguel Burgos, el cual viene a reconocer y reforzar los esfuerzos de coordinaci\u00f3n el trabajo colaborativo entre ambos servicios.<\/p>\n","protected":false},"excerpt":{"rendered":"<p>En la instancia se destac\u00f3 la implementaci\u00f3n del nuevo Sistema SMA-OS y se expuso un resumen de las actividades de fiscalizaci\u00f3n 2014-2016.<\/p>\n","protected":false},"author":3,"featured_media":16708,"comment_status":"open","ping_status":"open","sticky":false,"template":"","format":"standard","meta":{"footnotes":""},"categories":[94],"tags":[],"class_list":["post-16709","post","type-post","status-publish","format-standard","has-post-thumbnail","hentry","category-notas-noticias"],"_links":{"self":[{"href":"https:\/\/portal.sma.gob.cl\/index.php\/wp-json\/wp\/v2\/posts\/16709","targetHints":{"allow":["GET"]}}],"collection":[{"href":"https:\/\/portal.sma.gob.cl\/index.php\/wp-json\/wp\/v2\/posts"}],"about":[{"href":"https:\/\/portal.sma.gob.cl\/index.php\/wp-json\/wp\/v2\/types\/post"}],"author":[{"embeddable":true,"href":"https:\/\/portal.sma.gob.cl\/index.php\/wp-json\/wp\/v2\/users\/3"}],"replies":[{"embeddable":true,"href":"https:\/\/portal.sma.gob.cl\/index.php\/wp-json\/wp\/v2\/comments?post=16709"}],"version-history":[{"count":0,"href":"https:\/\/portal.sma.gob.cl\/index.php\/wp-json\/wp\/v2\/posts\/16709\/revisions"}],"wp:featuredmedia":[{"embeddable":true,"href":"https:\/\/portal.sma.gob.cl\/index.php\/wp-json\/wp\/v2\/media\/16708"}],"wp:attachment":[{"href":"https:\/\/portal.sma.gob.cl\/index.php\/wp-json\/wp\/v2\/media?parent=16709"}],"wp:term":[{"taxonomy":"category","embeddable":true,"href":"https:\/\/portal.sma.gob.cl\/index.php\/wp-json\/wp\/v2\/categories?post=16709"},{"taxonomy":"post_tag","embeddable":true,"href":"https:\/\/portal.sma.gob.cl\/index.php\/wp-json\/wp\/v2\/tags?post=16709"}],"curies":[{"name":"wp","href":"https:\/\/api.w.org\/{rel}","templated":true}]}}