{"id":16711,"date":"2017-05-18T20:09:16","date_gmt":"2017-05-18T20:09:16","guid":{"rendered":"https:\/\/portal.sma.gob.cl\/index.php\/2017\/05\/18\/sma-inaugura-su-oficina-regional-del-maule\/"},"modified":"2017-05-18T20:09:16","modified_gmt":"2017-05-18T20:09:16","slug":"sma-inaugura-su-oficina-regional-del-maule","status":"publish","type":"post","link":"https:\/\/portal.sma.gob.cl\/index.php\/sma-inaugura-su-oficina-regional-del-maule\/","title":{"rendered":"SMA inaugura su Oficina Regional del Maule"},"content":{"rendered":"<p style=\"text-align: justify;\"><strong><img decoding=\"async\" class=\"size-auto size-full wp-image-16710\" src=\"https:\/\/portal.sma.gob.cl\/wp-content\/uploads\/2017\/05\/nota-talca.jpg\" alt=\"nota-talca\" width=\"760\" height=\"360\" \/><\/strong><\/p>\n<p style=\"text-align: justify;\"><strong>Siguiendo con su despliegue regional, la SMA abri\u00f3 su d\u00e9cima oficina en la capital regional.<\/strong><\/p>\n<p>  <!--more-->  <\/p>\n<p style=\"text-align: justify;\"><strong>Talca, 18 de mayo de 2017.<\/strong> El Superintendente del Medio Ambiente, Cristi\u00e1n Franz, inaugur\u00f3 este mediod\u00eda la d\u00e9cima oficina regional de la Superintendencia del Medio Ambiente en Talca, capital de la Regi\u00f3n del Maule. La actividad cont\u00f3 con la presencia del Seremi de Gobierno, Marco Villagra; la Seremi de Medio Ambiente, Mar\u00eda Eliana Vega; el Presidente del Consejo Regional, Boris Tapia, entre otras autoridades.<\/p>\n<p style=\"text-align: justify;\">\u201cHoy estamos dando un gran paso para nuestra instituci\u00f3n y un gran paso para esta Regi\u00f3n. Hoy estamos materializando el compromiso establecido en el programa de Gobierno de la Presidenta de la Rep\u00fablica, Michelle Bachelet, respecto de la instalaci\u00f3n de la SMA en todas las regiones del pa\u00eds\u201d, dijo Franz al inaugurar el evento.<\/p>\n<p style=\"text-align: justify;\">\u201cUna oficina en la regi\u00f3n les permite a los vecinos de Talca y sus alrededores acercarse a la SMA, no s\u00f3lo a hacer denuncias, sino a informarse de nuestro actuar fiscalizador y sancionador. Obviamente, tambi\u00e9n es un lugar donde empresas y sus representantes encontrar\u00e1n asistencia al cumplimiento, pues ustedes ya saben que una de nuestras labores principales es esa: difundir el actuar de la SMA y que las empresas sepan c\u00f3mo ir cumpliendo sus compromisos ambientales\u201d, dijo el Superintendente.<\/p>\n<p style=\"text-align: justify;\">En la oportunidad, se present\u00f3 a Eduardo Pe\u00f1a, el nuevo jefe de la oficina regional. Pe\u00f1a es bi\u00f3logo marino bi\u00f3logo marino y m\u00e1ster en Gesti\u00f3n y Desarrollo en Medio Ambiente de la Universidad Nacional de Australia, quien cuenta con m\u00e1s de 16 a\u00f1os de experiencia laboral. La nueva oficina estar\u00e1 dem\u00e1s conformada por dos fiscalizadores y una administrativo. La direcci\u00f3n de la oficina regional es Calle 1 Norte 801, piso 11, Edificio Plaza Centro, Talca.<\/p>\n<p style=\"text-align: justify;\">El Seremi de Gobierno, Marco Villagra, se\u00f1al\u00f3 que \u201cpara la Regi\u00f3n del Maule, representa un hito fundamental contar con una oficina de la Superintendencia del Medio Ambiente. Es parte del cumplimiento de los compromisos de la Presidenta Michelle Bachelet. Necesitamos robustecer la institucionalidad ambiental, porque as\u00ed estamos generando las condiciones necesarias para un desarrollo sustentable\u201d.<\/p>\n<p style=\"text-align: justify;\">Por su parte, la Seremi de Medio Ambiente, Maria Eliana Vega, sostuvo que \u201cahora la SMA contar\u00e1 con m\u00e1s fiscalizadores. Contar\u00e1 con una oficina para atender las denuncias, y todos los servicios que tenemos competencia ambiental vamos a estar trabajando de forma unida, conjunta, para apoyar todas las labores de la Superintendencia\u201d.<\/p>\n<p style=\"text-align: justify;\"><strong>Actividades de la SMA en la regi\u00f3n<\/strong><br \/>\u2028La Regi\u00f3n del Maule cuenta con 811 Unidades Fiscalizables, definidas como instalaciones reguladas por uno o m\u00e1s instrumentos de gesti\u00f3n ambiental de competencia de la SMA. El sector econ\u00f3mico agroindustrial (24%) y saneamiento ambiental (30%) lideran las actividades de la regi\u00f3n que deben cumplir con la normativa. Estos mismos sectores lideran la cantidad de fiscalizaciones realizadas, a los que se suman el sector energ\u00e9tico y las instalaciones fabriles.<\/p>\n<p style=\"text-align: justify;\">Desde que comenz\u00f3 sus operaciones en 2013, hasta la fecha, la SMA ha iniciado 23 procesos sancionatorios en la regi\u00f3n, entre los que destacan procesos contra empresas procesadoras de alimentos, agr\u00edcolas, vi\u00f1as, productoras de celulosa, empresas del rubro energ\u00e9tico y del rubro saneamiento ambiental. En total, se han cursado multas por 5.041,3 Unidades Tributarias Anuales (UTA), equivalentes a m\u00e1s de $2.800 millones.<\/p>\n<p style=\"text-align: justify;\">Adem\u00e1s, en 11 casos existen procedimientos sancionatorios donde el titular, reconociendo las infracciones cometidas, ha presentado Programas de Cumplimiento, que son planes con acciones y metas concretas, que les permiten volver al cumplimiento ambiental.<\/p>\n<p style=\"text-align: justify;\">\u201cEsta es una poderosa herramienta de la SMA y busca que las compa\u00f1\u00edas reconozcan las faltas cometidas, generando a la vez un plan de acci\u00f3n para atacar las infracciones de forma r\u00e1pida y oportuna, subsanando los problemas detectados, lo cual significa una mejora directa para las comunidades vecinas que dejan de sentir los impactos de los incumplimientos de las actividades vecinas\u201d, afirm\u00f3 Franz. En ese sentido, el Superintendente explic\u00f3 que en la regi\u00f3n las empresas que han optado por esta herramienta de cumplimiento se han invertido alrededor de 2,2 millones de d\u00f3lares en mejoras ambientales.<\/p>\n","protected":false},"excerpt":{"rendered":"<p>Siguiendo con su despliegue regional, la SMA abri\u00f3 su d\u00e9cima oficina en la capital regional.<\/p>\n","protected":false},"author":3,"featured_media":16710,"comment_status":"open","ping_status":"open","sticky":false,"template":"","format":"standard","meta":{"footnotes":""},"categories":[90],"tags":[],"class_list":["post-16711","post","type-post","status-publish","format-standard","has-post-thumbnail","hentry","category-comunicados-noticias"],"_links":{"self":[{"href":"https:\/\/portal.sma.gob.cl\/index.php\/wp-json\/wp\/v2\/posts\/16711","targetHints":{"allow":["GET"]}}],"collection":[{"href":"https:\/\/portal.sma.gob.cl\/index.php\/wp-json\/wp\/v2\/posts"}],"about":[{"href":"https:\/\/portal.sma.gob.cl\/index.php\/wp-json\/wp\/v2\/types\/post"}],"author":[{"embeddable":true,"href":"https:\/\/portal.sma.gob.cl\/index.php\/wp-json\/wp\/v2\/users\/3"}],"replies":[{"embeddable":true,"href":"https:\/\/portal.sma.gob.cl\/index.php\/wp-json\/wp\/v2\/comments?post=16711"}],"version-history":[{"count":0,"href":"https:\/\/portal.sma.gob.cl\/index.php\/wp-json\/wp\/v2\/posts\/16711\/revisions"}],"wp:featuredmedia":[{"embeddable":true,"href":"https:\/\/portal.sma.gob.cl\/index.php\/wp-json\/wp\/v2\/media\/16710"}],"wp:attachment":[{"href":"https:\/\/portal.sma.gob.cl\/index.php\/wp-json\/wp\/v2\/media?parent=16711"}],"wp:term":[{"taxonomy":"category","embeddable":true,"href":"https:\/\/portal.sma.gob.cl\/index.php\/wp-json\/wp\/v2\/categories?post=16711"},{"taxonomy":"post_tag","embeddable":true,"href":"https:\/\/portal.sma.gob.cl\/index.php\/wp-json\/wp\/v2\/tags?post=16711"}],"curies":[{"name":"wp","href":"https:\/\/api.w.org\/{rel}","templated":true}]}}