{"id":16716,"date":"2017-05-23T22:02:36","date_gmt":"2017-05-23T22:02:36","guid":{"rendered":"https:\/\/portal.sma.gob.cl\/index.php\/2017\/05\/23\/santiago-sma-fiscaliza-fuentes-fijas-en-la-primera-pre-emergencia\/"},"modified":"2017-05-23T22:02:36","modified_gmt":"2017-05-23T22:02:36","slug":"santiago-sma-fiscaliza-fuentes-fijas-en-la-primera-pre-emergencia","status":"publish","type":"post","link":"https:\/\/portal.sma.gob.cl\/index.php\/santiago-sma-fiscaliza-fuentes-fijas-en-la-primera-pre-emergencia\/","title":{"rendered":"SANTIAGO: SMA fiscaliza fuentes fijas en la primera pre-emergencia"},"content":{"rendered":"<p style=\"text-align: justify;\"><strong><img decoding=\"async\" class=\"size-auto size-full wp-image-16715\" src=\"https:\/\/portal.sma.gob.cl\/wp-content\/uploads\/2017\/05\/NOTA-PREEMERGENCIA.jpg\" alt=\"NOTA-PREEMERGENCIA\" width=\"760\" height=\"360\" srcset=\"https:\/\/portal.sma.gob.cl\/wp-content\/uploads\/2017\/05\/NOTA-PREEMERGENCIA-200x95.jpg 200w, https:\/\/portal.sma.gob.cl\/wp-content\/uploads\/2017\/05\/NOTA-PREEMERGENCIA-300x142.jpg 300w, https:\/\/portal.sma.gob.cl\/wp-content\/uploads\/2017\/05\/NOTA-PREEMERGENCIA-400x189.jpg 400w, https:\/\/portal.sma.gob.cl\/wp-content\/uploads\/2017\/05\/NOTA-PREEMERGENCIA-600x284.jpg 600w, https:\/\/portal.sma.gob.cl\/wp-content\/uploads\/2017\/05\/NOTA-PREEMERGENCIA.jpg 760w\" sizes=\"(max-width: 760px) 100vw, 760px\" \/><\/strong><\/p>\n<p style=\"text-align: justify;\"><strong>El Plan de Descontaminaci\u00f3n de la RM establece que los organismos competentes intensificar\u00e1n las actividades de fiscalizaci\u00f3n que habitualmente realizan durante el periodo de Gesti\u00f3n de Episodios Cr\u00edticos. Esta jornada la SMA realiz\u00f3 rondas en San Bernardo y Renca en recintos con fuentes fijas.<\/strong><\/p>\n<p>  <!--more-->  <\/p>\n<p style=\"text-align: justify;\"><strong>Santiago, 22 de mayo 2017.<\/strong> La Superintendencia del Medio Ambiente (SMA) realiz\u00f3 esta ma\u00f1ana una fiscalizaci\u00f3n intensiva a fuentes fijas emisoras de material particulado. Esto, dentro de la primera jornada de pre-emergencia decretada en la Regi\u00f3n Metropolitana, debido a las malas condiciones de ventilaci\u00f3n en la cuenca.<\/p>\n<p style=\"text-align: justify;\">Cabe se\u00f1alar que las actividades de fiscalizaci\u00f3n realizadas por la SMA se enmarcan en la Resoluci\u00f3n N\u00b01209 que fija los Programas y Subprogramas de Fiscalizaci\u00f3n Ambiental de Planes de Prevenci\u00f3n y\/o Descontaminaci\u00f3n para el A\u00f1o 2017. Este contempla actividades de fiscalizaci\u00f3n de tipo permanente durante todo el a\u00f1o.<\/p>\n<p style=\"text-align: justify;\">En este contexto, tambi\u00e9n se establece que los organismos competentes intensifiquen su actuar durante el periodo de Gesti\u00f3n de Episodios Cr\u00edticos. En esta ocasi\u00f3n, con motivo de la primera preemergencia, profesionales de la SMA fiscalizaron fuentes fijas afectas a la Norma de Emisi\u00f3n de Material Particulado en las comunas de San Bernardo y Renca.<\/p>\n<h2>Otras medidas en d\u00eda de pre-emergencia<\/h2>\n<p style=\"text-align: justify;\">Adicionalmente y de acuerdo a lo establecido en el Plan de Prevenci\u00f3n y Descontaminaci\u00f3n vigente en la Regi\u00f3n, la SMA dicta el Programa Integrado de Fiscalizaci\u00f3n del Plan de Prevenci\u00f3n y Descontaminaci\u00f3n de la RM, a trav\u00e9s de la Resoluci\u00f3n Exenta N\u00b0 269 de 2017, en la que se fijan las prioridades y focos de fiscalizaci\u00f3n para que anualmente los Servicios con competencias ambientales, enfrenten los episodios cr\u00edticos de contaminaci\u00f3n. Debido a la gran cantidad de medidas que abarca dicho plan, ac\u00e1 se detallan algunas de ellas y los organismos p\u00fablicos encargados de fiscalizarlas y sancionar sus incumplimientos:<\/p>\n<ul>\n<li style=\"text-align: justify;\"><strong>Restricci\u00f3n ambiental:<\/strong> De acuerdo a las condiciones atmosf\u00e9ricas se establece restricci\u00f3n para los veh\u00edculos con y sin sello verde. Su fiscalizaci\u00f3n se realiza por parte de la Seremi de Transportes y Carabineros, ya sea mediante funcionarios en las v\u00edas o con c\u00e1maras de videovigilancia. M\u00e1s informaci\u00f3n en: <a href=\"http:\/\/alertas.mma.gob.cl\/santiago\/\">http:\/\/alertas.mma.gob.cl\/santiago\/<\/a><\/li>\n<li style=\"text-align: justify;\"><strong>Ejes Ambientales:<\/strong> Se trata v\u00edas exclusivas para transporte p\u00fablico de 07:30 a 10:00 horas y de 17:00 a 21:00 horas. Dichas v\u00edas ser\u00e1n en Vicu\u00f1a Mackenna, San Diego, Los Leones, Matucana, Chacabuco y Nataniel Cox. Su fiscalizaci\u00f3n la realiza la Seremi de Transporte, mediante funcionarios en las v\u00edas o con c\u00e1maras de video vigilancia. M\u00e1s informaci\u00f3n en: <a href=\"http:\/\/alertas.mma.gob.cl\/wp-content\/uploads\/2015\/07\/Ejes-Ambientales-web-RM.png\">http:\/\/alertas.mma.gob.cl\/wp-content\/uploads\/2015\/07\/Ejes-Ambientales-web-RM.png<\/a><\/li>\n<li style=\"text-align: justify;\"><strong>Prohibici\u00f3n de uso de calefactores a le\u00f1a:<\/strong> Durante los episodios de pre y emergencia se establece la prohibici\u00f3n total de la calefacci\u00f3n a le\u00f1a en la RM. Su fiscalizaci\u00f3n se realiza con patrullajes de la Seremi de Salud. M\u00e1s informaci\u00f3n en: <a href=\"http:\/\/seremi13.redsalud.gob.cl\/?p=5954\">http:\/\/seremi13.redsalud.gob.cl\/?p=5954<\/a><\/li>\n<li style=\"text-align: justify;\"><strong>Paralizaci\u00f3n de fuentes fijas:<\/strong> La Seremi de Salud informa a trav\u00e9s de su web el listado de fuentes fijas que paraliza por pre-emergencia y emergencia. M\u00e1s informaci\u00f3n en: <a href=\"http:\/\/seremi13.redsalud.gob.cl\/?p=5954\">http:\/\/seremi13.redsalud.gob.cl\/?p=5954<\/a><\/li>\n<li style=\"text-align: justify;\">P<strong>rohibici\u00f3n de quemas agr\u00edcolas:<\/strong> En el per\u00edodo de Gesti\u00f3n de Episodios Cr\u00edticos se proh\u00edben las quemas en terrenos agr\u00edcolas, ganaderos o de aptitud preferentemente forestal. Esta medida se fiscaliza mediante patrullajes de CONAF y del Servicio Agr\u00edcola Ganadero.<\/li>\n<\/ul>\n","protected":false},"excerpt":{"rendered":"<p>El Plan de Descontaminaci\u00f3n de la RM establece que los organismos competentes intensificar\u00e1n las actividades de fiscalizaci\u00f3n que habitualmente realizan durante el periodo de Gesti\u00f3n de Episodios Cr\u00edticos. Esta jornada la SMA realiz\u00f3 rondas en San Bernardo y Renca en recintos con fuentes fijas.<\/p>\n","protected":false},"author":3,"featured_media":16715,"comment_status":"open","ping_status":"open","sticky":false,"template":"","format":"standard","meta":{"footnotes":""},"categories":[90],"tags":[],"class_list":["post-16716","post","type-post","status-publish","format-standard","has-post-thumbnail","hentry","category-comunicados-noticias"],"_links":{"self":[{"href":"https:\/\/portal.sma.gob.cl\/index.php\/wp-json\/wp\/v2\/posts\/16716","targetHints":{"allow":["GET"]}}],"collection":[{"href":"https:\/\/portal.sma.gob.cl\/index.php\/wp-json\/wp\/v2\/posts"}],"about":[{"href":"https:\/\/portal.sma.gob.cl\/index.php\/wp-json\/wp\/v2\/types\/post"}],"author":[{"embeddable":true,"href":"https:\/\/portal.sma.gob.cl\/index.php\/wp-json\/wp\/v2\/users\/3"}],"replies":[{"embeddable":true,"href":"https:\/\/portal.sma.gob.cl\/index.php\/wp-json\/wp\/v2\/comments?post=16716"}],"version-history":[{"count":0,"href":"https:\/\/portal.sma.gob.cl\/index.php\/wp-json\/wp\/v2\/posts\/16716\/revisions"}],"wp:featuredmedia":[{"embeddable":true,"href":"https:\/\/portal.sma.gob.cl\/index.php\/wp-json\/wp\/v2\/media\/16715"}],"wp:attachment":[{"href":"https:\/\/portal.sma.gob.cl\/index.php\/wp-json\/wp\/v2\/media?parent=16716"}],"wp:term":[{"taxonomy":"category","embeddable":true,"href":"https:\/\/portal.sma.gob.cl\/index.php\/wp-json\/wp\/v2\/categories?post=16716"},{"taxonomy":"post_tag","embeddable":true,"href":"https:\/\/portal.sma.gob.cl\/index.php\/wp-json\/wp\/v2\/tags?post=16716"}],"curies":[{"name":"wp","href":"https:\/\/api.w.org\/{rel}","templated":true}]}}