{"id":16718,"date":"2017-05-26T14:49:43","date_gmt":"2017-05-26T14:49:43","guid":{"rendered":"https:\/\/portal.sma.gob.cl\/index.php\/2017\/05\/26\/iquique-se-realizan-talleres-de-capacitacion-sobre-fiscalizacion-ambiental-y-protocolo-de-fiscalizacion-del-medio-humano\/"},"modified":"2017-05-26T14:49:43","modified_gmt":"2017-05-26T14:49:43","slug":"iquique-se-realizan-talleres-de-capacitacion-sobre-fiscalizacion-ambiental-y-protocolo-de-fiscalizacion-del-medio-humano","status":"publish","type":"post","link":"https:\/\/portal.sma.gob.cl\/index.php\/iquique-se-realizan-talleres-de-capacitacion-sobre-fiscalizacion-ambiental-y-protocolo-de-fiscalizacion-del-medio-humano\/","title":{"rendered":"IQUIQUE: Se realizan talleres de capacitaci\u00f3n sobre fiscalizaci\u00f3n ambiental y Protocolo de fiscalizaci\u00f3n del Medio Humano"},"content":{"rendered":"<p style=\"text-align: justify;\"><strong><img decoding=\"async\" class=\"size-auto size-full wp-image-16717\" src=\"https:\/\/portal.sma.gob.cl\/wp-content\/uploads\/2017\/05\/NOTA-TALLERIQUIQUE.jpg\" alt=\"NOTA-TALLERIQUIQUE\" width=\"760\" height=\"360\" srcset=\"https:\/\/portal.sma.gob.cl\/wp-content\/uploads\/2017\/05\/NOTA-TALLERIQUIQUE-200x95.jpg 200w, https:\/\/portal.sma.gob.cl\/wp-content\/uploads\/2017\/05\/NOTA-TALLERIQUIQUE-300x142.jpg 300w, https:\/\/portal.sma.gob.cl\/wp-content\/uploads\/2017\/05\/NOTA-TALLERIQUIQUE-400x189.jpg 400w, https:\/\/portal.sma.gob.cl\/wp-content\/uploads\/2017\/05\/NOTA-TALLERIQUIQUE-600x284.jpg 600w, https:\/\/portal.sma.gob.cl\/wp-content\/uploads\/2017\/05\/NOTA-TALLERIQUIQUE.jpg 760w\" sizes=\"(max-width: 760px) 100vw, 760px\" \/><\/strong><\/p>\n<p style=\"text-align: justify;\"><strong>Por primera vez se realiz\u00f3 una actividad junto a CONADI orientada a la fiscalizaci\u00f3n de medidas asociadas a medio humano.<\/strong><\/p>\n<p>  <!--more-->  <\/p>\n<p style=\"text-align: justify;\"><strong>Iquique, 23 de mayo de 2017.<\/strong> Con la participaci\u00f3n de 14 profesionales se llevaron a cabo dos Talleres de fiscalizaci\u00f3n Ambiental, coordinados por la Oficina Regional de Tarapac\u00e1. Estos se orientaron a los organismos p\u00fablicos que forman parte de la Red Nacional de Fiscalizaci\u00f3n Ambiental (RENFA).<\/p>\n<p style=\"text-align: justify;\">El jefe de la Oficina Regional de Tarapac\u00e1, Boris Cerda, explica que este a\u00f1o por primera vez \u201cse incorporan al Programa de Fiscalizaci\u00f3n de RCA para el a\u00f1o 2017 en la regi\u00f3n la Corporaci\u00f3n Nacional de Desarrollo Ind\u00edgena (CONADI) y la Direcci\u00f3n de Vialidad, por lo que se puso \u00e9nfasis en su capacitaci\u00f3n\u201d. Asimismo, se plantearon los desaf\u00edos de DGA, Directemar y Sernapesca, que por primer a\u00f1o estar\u00e1n a cargo de actividades de fiscalizaci\u00f3n RCA, sin la participaci\u00f3n directa en terreno de funcionarios de la SMA.<\/p>\n<p style=\"text-align: justify;\">Durante la tarde se realiz\u00f3 un taller especial sobre fiscalizaci\u00f3n de medio humano, por parte de la especialista Ang\u00e9lica Medina de la SMA. Su objetivo fue mostrar el protocolo de fiscalizaci\u00f3n de Medio Humano de la SMA, debido a que CONADI participar\u00e1 por primera vez en el Programa de Fiscalizaci\u00f3n de RCA. \u201cEl contar con el apoyo de dicha Corporaci\u00f3n nos permite fiscalizar el cumplimiento de las medidas establecidas en las autorizaciones ambientales, as\u00ed como la efectividad de \u00e9stas y sus implicancias en los sistemas de vida de las personas, en una regi\u00f3n con un importante n\u00famero de poblaci\u00f3n ind\u00edgena\u201d, coment\u00f3 Boris Cerda.<\/p>\n","protected":false},"excerpt":{"rendered":"<p>Por primera vez se realiz\u00f3 una actividad junto a CONADI orientada a la fiscalizaci\u00f3n de medidas asociadas a medio humano.<\/p>\n","protected":false},"author":3,"featured_media":16717,"comment_status":"open","ping_status":"open","sticky":false,"template":"","format":"standard","meta":{"footnotes":""},"categories":[94],"tags":[],"class_list":["post-16718","post","type-post","status-publish","format-standard","has-post-thumbnail","hentry","category-notas-noticias"],"_links":{"self":[{"href":"https:\/\/portal.sma.gob.cl\/index.php\/wp-json\/wp\/v2\/posts\/16718","targetHints":{"allow":["GET"]}}],"collection":[{"href":"https:\/\/portal.sma.gob.cl\/index.php\/wp-json\/wp\/v2\/posts"}],"about":[{"href":"https:\/\/portal.sma.gob.cl\/index.php\/wp-json\/wp\/v2\/types\/post"}],"author":[{"embeddable":true,"href":"https:\/\/portal.sma.gob.cl\/index.php\/wp-json\/wp\/v2\/users\/3"}],"replies":[{"embeddable":true,"href":"https:\/\/portal.sma.gob.cl\/index.php\/wp-json\/wp\/v2\/comments?post=16718"}],"version-history":[{"count":0,"href":"https:\/\/portal.sma.gob.cl\/index.php\/wp-json\/wp\/v2\/posts\/16718\/revisions"}],"wp:featuredmedia":[{"embeddable":true,"href":"https:\/\/portal.sma.gob.cl\/index.php\/wp-json\/wp\/v2\/media\/16717"}],"wp:attachment":[{"href":"https:\/\/portal.sma.gob.cl\/index.php\/wp-json\/wp\/v2\/media?parent=16718"}],"wp:term":[{"taxonomy":"category","embeddable":true,"href":"https:\/\/portal.sma.gob.cl\/index.php\/wp-json\/wp\/v2\/categories?post=16718"},{"taxonomy":"post_tag","embeddable":true,"href":"https:\/\/portal.sma.gob.cl\/index.php\/wp-json\/wp\/v2\/tags?post=16718"}],"curies":[{"name":"wp","href":"https:\/\/api.w.org\/{rel}","templated":true}]}}