{"id":16725,"date":"2017-06-02T13:41:40","date_gmt":"2017-06-02T13:41:40","guid":{"rendered":"https:\/\/portal.sma.gob.cl\/index.php\/2017\/06\/02\/exitoso-taller-de-fiscalizacion-ambiental-con-los-miembros-de-la-renfa-de-la-region-de-los-rios\/"},"modified":"2017-06-02T13:41:40","modified_gmt":"2017-06-02T13:41:40","slug":"exitoso-taller-de-fiscalizacion-ambiental-con-los-miembros-de-la-renfa-de-la-region-de-los-rios","status":"publish","type":"post","link":"https:\/\/portal.sma.gob.cl\/index.php\/exitoso-taller-de-fiscalizacion-ambiental-con-los-miembros-de-la-renfa-de-la-region-de-los-rios\/","title":{"rendered":"Exitoso taller de fiscalizaci\u00f3n ambiental con los miembros de la RENFA de la Regi\u00f3n de los R\u00edos"},"content":{"rendered":"<p style=\"text-align: justify;\"><strong><img decoding=\"async\" class=\"size-auto size-full wp-image-16724\" src=\"https:\/\/portal.sma.gob.cl\/wp-content\/uploads\/2017\/06\/NOTA-TALLERVALDIVIA.jpg\" alt=\"NOTA-TALLERVALDIVIA\" width=\"760\" height=\"360\" srcset=\"https:\/\/portal.sma.gob.cl\/wp-content\/uploads\/2017\/06\/NOTA-TALLERVALDIVIA-200x95.jpg 200w, https:\/\/portal.sma.gob.cl\/wp-content\/uploads\/2017\/06\/NOTA-TALLERVALDIVIA-300x142.jpg 300w, https:\/\/portal.sma.gob.cl\/wp-content\/uploads\/2017\/06\/NOTA-TALLERVALDIVIA-400x189.jpg 400w, https:\/\/portal.sma.gob.cl\/wp-content\/uploads\/2017\/06\/NOTA-TALLERVALDIVIA-600x284.jpg 600w, https:\/\/portal.sma.gob.cl\/wp-content\/uploads\/2017\/06\/NOTA-TALLERVALDIVIA.jpg 760w\" sizes=\"(max-width: 760px) 100vw, 760px\" \/><\/strong><\/p>\n<p style=\"text-align: justify;\"><strong>En la jornada se abordaron temas como la fiscalizaci\u00f3n de proyectos acu\u00edcolas y el impacto de olores en el medio humano, entre otras materias.<\/strong><\/p>\n<p>  <!--more-->  <\/p>\n<p style=\"text-align: justify;\"><strong>Valdivia, 31 de mayo de 2017.<\/strong> Durante toda la jornada se llev\u00f3 a cabo un taller de capacitaci\u00f3n para funcionarios p\u00fablicos de organismos pertenecientes a la Red Nacional de Fiscalizaci\u00f3n Ambiental (RENFA) de la Regi\u00f3n de los R\u00edos, la que est\u00e1 compuesta por m\u00e1s de 15 servicios que ejercen competencias fiscalizadoras en materia ambiental.<\/p>\n<p style=\"text-align: justify;\">En la oportunidad se analiz\u00f3 la fiscalizaci\u00f3n de impactos ambientales relevantes en la poblaci\u00f3n, tales como, olores e impacto en medio humano. En la oportunidad participaron m\u00e1s de 30 profesionales de los distintos organismos de la RENFA, tales como Salud, Sernapesca, DGA, SAG, CONADI, Armada de Chile, entre otros.<\/p>\n<p style=\"text-align: justify;\">La jornada comenz\u00f3 con una presentaci\u00f3n de Sernapesca, a cargo del profesional Christian Hinrichsen Figueroa, quien analiz\u00f3 las fortalezas y debilidades que pueden presentarse en la fiscalizaci\u00f3n ambiental de un proyecto pisc\u00edcola.<\/p>\n<p style=\"text-align: justify;\">Por su parte, Ang\u00e9lica Medina, de la Unidad T\u00e9cnica de la Divisi\u00f3n de Fiscalizaci\u00f3n, expuso sobre la fiscalizaci\u00f3n ambiental de olores y medio humano, los perjuicios que producen este tipo de impactos en la poblaci\u00f3n y los esfuerzos que ha realizado la institucionalidad para abordarlos desde un punto de vista t\u00e9cnico y jur\u00eddico. <br \/>Por su parte el equipo regional present\u00f3 los principales t\u00f3picos de la actividad fiscalizadora. Entre ellos se abord\u00f3 la planificaci\u00f3n, el llenado de actas, el seguimiento de los informes ambientales, el concepto de unidad fiscalizable, la fiscalizaci\u00f3n ambiental estrat\u00e9gica, entre otros.<\/p>\n<p style=\"text-align: justify;\">La jornada finaliz\u00f3 con una exposici\u00f3n del nuevo procedimiento de denuncias a cargo del Jefe de Oficina de los R\u00edos, Eduardo Rodr\u00edguez quien expres\u00f3: \u201cEstas jornadas son muy importantes, porque nos permiten observar lo realizado, buscar oportunidades de mejoras, y lo m\u00e1s importante, darle una dimensi\u00f3n humana a la fiscalizaci\u00f3n ambiental. Adem\u00e1s quisiera destacar la amplia convocatoria, pues m\u00e1s de 30 profesionales de distintos servicios p\u00fablicos asistieron a este taller que busca mejorar nuestras capacidades como fiscalizadores de la RENFA\u201d.<\/p>\n","protected":false},"excerpt":{"rendered":"<p>En la jornada se abordaron temas como la fiscalizaci\u00f3n de proyectos acu\u00edcolas y el impacto de olores en el medio humano, entre otras materias.<\/p>\n","protected":false},"author":3,"featured_media":16724,"comment_status":"open","ping_status":"open","sticky":false,"template":"","format":"standard","meta":{"footnotes":""},"categories":[94],"tags":[],"class_list":["post-16725","post","type-post","status-publish","format-standard","has-post-thumbnail","hentry","category-notas-noticias"],"_links":{"self":[{"href":"https:\/\/portal.sma.gob.cl\/index.php\/wp-json\/wp\/v2\/posts\/16725","targetHints":{"allow":["GET"]}}],"collection":[{"href":"https:\/\/portal.sma.gob.cl\/index.php\/wp-json\/wp\/v2\/posts"}],"about":[{"href":"https:\/\/portal.sma.gob.cl\/index.php\/wp-json\/wp\/v2\/types\/post"}],"author":[{"embeddable":true,"href":"https:\/\/portal.sma.gob.cl\/index.php\/wp-json\/wp\/v2\/users\/3"}],"replies":[{"embeddable":true,"href":"https:\/\/portal.sma.gob.cl\/index.php\/wp-json\/wp\/v2\/comments?post=16725"}],"version-history":[{"count":0,"href":"https:\/\/portal.sma.gob.cl\/index.php\/wp-json\/wp\/v2\/posts\/16725\/revisions"}],"wp:featuredmedia":[{"embeddable":true,"href":"https:\/\/portal.sma.gob.cl\/index.php\/wp-json\/wp\/v2\/media\/16724"}],"wp:attachment":[{"href":"https:\/\/portal.sma.gob.cl\/index.php\/wp-json\/wp\/v2\/media?parent=16725"}],"wp:term":[{"taxonomy":"category","embeddable":true,"href":"https:\/\/portal.sma.gob.cl\/index.php\/wp-json\/wp\/v2\/categories?post=16725"},{"taxonomy":"post_tag","embeddable":true,"href":"https:\/\/portal.sma.gob.cl\/index.php\/wp-json\/wp\/v2\/tags?post=16725"}],"curies":[{"name":"wp","href":"https:\/\/api.w.org\/{rel}","templated":true}]}}