{"id":16727,"date":"2017-06-02T14:15:16","date_gmt":"2017-06-02T14:15:16","guid":{"rendered":"https:\/\/portal.sma.gob.cl\/index.php\/2017\/06\/02\/taller-de-gestion-local-de-ruido-ambiental-para-municipalidades-en-la-region-de-valparaiso\/"},"modified":"2017-06-02T14:15:16","modified_gmt":"2017-06-02T14:15:16","slug":"taller-de-gestion-local-de-ruido-ambiental-para-municipalidades-en-la-region-de-valparaiso","status":"publish","type":"post","link":"https:\/\/portal.sma.gob.cl\/index.php\/taller-de-gestion-local-de-ruido-ambiental-para-municipalidades-en-la-region-de-valparaiso\/","title":{"rendered":"Taller de gesti\u00f3n local de ruido ambiental para Municipalidades en la Regi\u00f3n de Valpara\u00edso"},"content":{"rendered":"<p style=\"text-align: justify;\"><img decoding=\"async\" class=\"size-auto size-full wp-image-16726\" src=\"https:\/\/portal.sma.gob.cl\/wp-content\/uploads\/2017\/06\/NOTA-TALLERVALPARAISO.jpg\" alt=\"NOTA-TALLERVALPARAISO\" width=\"760\" height=\"360\" srcset=\"https:\/\/portal.sma.gob.cl\/wp-content\/uploads\/2017\/06\/NOTA-TALLERVALPARAISO-200x95.jpg 200w, https:\/\/portal.sma.gob.cl\/wp-content\/uploads\/2017\/06\/NOTA-TALLERVALPARAISO-300x142.jpg 300w, https:\/\/portal.sma.gob.cl\/wp-content\/uploads\/2017\/06\/NOTA-TALLERVALPARAISO-400x189.jpg 400w, https:\/\/portal.sma.gob.cl\/wp-content\/uploads\/2017\/06\/NOTA-TALLERVALPARAISO-600x284.jpg 600w, https:\/\/portal.sma.gob.cl\/wp-content\/uploads\/2017\/06\/NOTA-TALLERVALPARAISO.jpg 760w\" sizes=\"(max-width: 760px) 100vw, 760px\" \/><\/p>\n<p style=\"text-align: justify;\"><strong>Abordar los ruidos desde una perspectiva preventiva, abordando la normativa aplicable con los municipios, fue el objetivo de la actividad que convoc\u00f3 a 38 funcionarios de los municipios de la Quinta Regi\u00f3n.<\/strong><\/p>\n<p>  <!--more-->  <\/p>\n<p style=\"text-align: justify;\"><strong>Vi\u00f1a del Mar, 31 de mayo de 2017.<\/strong> Esta ma\u00f1ana se realiz\u00f3 el primer \u201cTaller de Gesti\u00f3n Local de Ruido Ambiental para Municipalidades en la Regi\u00f3n de Valpara\u00edso\u201d. La actividad se realiz\u00f3 en conjunto con la Seremi de Medio Ambiente y la Oficina Valpara\u00edso de la Superintendencia del Medio Ambiente, y cont\u00f3 adem\u00e1s de la colaboraci\u00f3n del Departamento de Control de Ruido, Olores y Contaminaci\u00f3n lum\u00ednica del Ministerio del Medio Ambiente y la Seremi de Salud de la Regi\u00f3n de Valpara\u00edso.<\/p>\n<p style=\"text-align: justify;\">Se realizaron distintas presentaciones que tuvieron por objeto analizar de manera integral la tem\u00e1tica del ruido, desde la perspectiva de las competencias legales, normativa aplicable, gesti\u00f3n y fiscalizaci\u00f3n sectorial-ambiental.<\/p>\n<p style=\"text-align: justify;\">Ante una concurrencia que super\u00f3 la convocatoria inicial, 38 funcionarios de los departamentos o unidades de Medio Ambiente, Obras Municipales y Rentas de las Municipalidades de Los Andes, San Antonio, Villa Alemana, La Calera, Quintero, Puchuncav\u00ed, Conc\u00f3n, Quillota, Valpara\u00edso y Vi\u00f1a del Mar, participaron activamente a trav\u00e9s de sus experiencias, inquietudes y aportes en torno a la fiscalizaci\u00f3n del ruido en el \u00e1mbito local.<\/p>\n<p style=\"text-align: justify;\">Sergio de La Barrera, Jefe de la Oficina Valpara\u00edso, se\u00f1al\u00f3 que en base a los resultados obtenidos por la SMA en la fiscalizaci\u00f3n de denuncias de ruido en la regi\u00f3n y teniendo como objetivo la protecci\u00f3n de la salud, el taller busc\u00f3 proponer a los municipios una modalidad distinta para abordar la problem\u00e1tica del ruido, con \u00e9nfasis en la prevenci\u00f3n, una atenci\u00f3n de las denuncias ciudadanas en base a sus competencias, contando con la disposici\u00f3n a colaborar de la SMA, de manera de generar una respuesta eficiente y efectiva que propenda a evitar problemas de ruido. Asimismo, se\u00f1al\u00f3 que la alta convocatoria obtenida da cuenta del inter\u00e9s de los municipios por avanzar de manera sustantiva hacia una gesti\u00f3n proactiva del ruido en sus comunas.<\/p>\n","protected":false},"excerpt":{"rendered":"<p>Abordar los ruidos desde una perspectiva preventiva, abordando la normativa aplicable con los municipios, fue el objetivo de la actividad que convoc\u00f3 a 38 funcionarios de los municipios de la Quinta Regi\u00f3n.<\/p>\n","protected":false},"author":3,"featured_media":16726,"comment_status":"open","ping_status":"open","sticky":false,"template":"","format":"standard","meta":{"footnotes":""},"categories":[94],"tags":[],"class_list":["post-16727","post","type-post","status-publish","format-standard","has-post-thumbnail","hentry","category-notas-noticias"],"_links":{"self":[{"href":"https:\/\/portal.sma.gob.cl\/index.php\/wp-json\/wp\/v2\/posts\/16727","targetHints":{"allow":["GET"]}}],"collection":[{"href":"https:\/\/portal.sma.gob.cl\/index.php\/wp-json\/wp\/v2\/posts"}],"about":[{"href":"https:\/\/portal.sma.gob.cl\/index.php\/wp-json\/wp\/v2\/types\/post"}],"author":[{"embeddable":true,"href":"https:\/\/portal.sma.gob.cl\/index.php\/wp-json\/wp\/v2\/users\/3"}],"replies":[{"embeddable":true,"href":"https:\/\/portal.sma.gob.cl\/index.php\/wp-json\/wp\/v2\/comments?post=16727"}],"version-history":[{"count":0,"href":"https:\/\/portal.sma.gob.cl\/index.php\/wp-json\/wp\/v2\/posts\/16727\/revisions"}],"wp:featuredmedia":[{"embeddable":true,"href":"https:\/\/portal.sma.gob.cl\/index.php\/wp-json\/wp\/v2\/media\/16726"}],"wp:attachment":[{"href":"https:\/\/portal.sma.gob.cl\/index.php\/wp-json\/wp\/v2\/media?parent=16727"}],"wp:term":[{"taxonomy":"category","embeddable":true,"href":"https:\/\/portal.sma.gob.cl\/index.php\/wp-json\/wp\/v2\/categories?post=16727"},{"taxonomy":"post_tag","embeddable":true,"href":"https:\/\/portal.sma.gob.cl\/index.php\/wp-json\/wp\/v2\/tags?post=16727"}],"curies":[{"name":"wp","href":"https:\/\/api.w.org\/{rel}","templated":true}]}}