{"id":16729,"date":"2017-06-02T19:22:11","date_gmt":"2017-06-02T19:22:11","guid":{"rendered":"https:\/\/portal.sma.gob.cl\/index.php\/2017\/06\/02\/se-celebra-segunda-sesion-del-ano-del-consejo-de-la-sociedad-civil-de-la-sma\/"},"modified":"2017-06-02T19:22:11","modified_gmt":"2017-06-02T19:22:11","slug":"se-celebra-segunda-sesion-del-ano-del-consejo-de-la-sociedad-civil-de-la-sma","status":"publish","type":"post","link":"https:\/\/portal.sma.gob.cl\/index.php\/se-celebra-segunda-sesion-del-ano-del-consejo-de-la-sociedad-civil-de-la-sma\/","title":{"rendered":"Se celebra segunda sesi\u00f3n del a\u00f1o del Consejo de la Sociedad Civil de la SMA"},"content":{"rendered":"<p><img decoding=\"async\" class=\"size-auto size-full wp-image-16728\" src=\"https:\/\/portal.sma.gob.cl\/wp-content\/uploads\/2017\/06\/06_JUN_CONSEJO-NOTA.jpg\" alt=\"06 JUN CONSEJO-NOTA\" width=\"760\" height=\"360\" srcset=\"https:\/\/portal.sma.gob.cl\/wp-content\/uploads\/2017\/06\/06_JUN_CONSEJO-NOTA-200x95.jpg 200w, https:\/\/portal.sma.gob.cl\/wp-content\/uploads\/2017\/06\/06_JUN_CONSEJO-NOTA-300x142.jpg 300w, https:\/\/portal.sma.gob.cl\/wp-content\/uploads\/2017\/06\/06_JUN_CONSEJO-NOTA-400x189.jpg 400w, https:\/\/portal.sma.gob.cl\/wp-content\/uploads\/2017\/06\/06_JUN_CONSEJO-NOTA-600x284.jpg 600w, https:\/\/portal.sma.gob.cl\/wp-content\/uploads\/2017\/06\/06_JUN_CONSEJO-NOTA.jpg 760w\" sizes=\"(max-width: 760px) 100vw, 760px\" \/><br \/><strong>Esta correspondi\u00f3 a la sesi\u00f3n n\u00famero 22 del grupo que re\u00fane a representantes del mundo acad\u00e9mico, centros de estudios y ONG.<\/strong><\/p>\n<p>  <!--more-->  <\/p>\n<p style=\"text-align: justify;\"><strong>Santiago, 31 de mayo de 2017.<\/strong> Esta ma\u00f1ana se realiz\u00f3 la sesi\u00f3n N\u00b0 22 del Consejo de la Sociedad Civil de la Superintendencia del Medio Ambiente (SMA), instancia que se enmarca en el contexto de la Ley 20.500, Sobre Asociaciones y Participaci\u00f3n Ciudadana en la Gesti\u00f3n P\u00fablica. Dicho consejo tiene un car\u00e1cter consultivo, representativo, plural y diverso. Tambi\u00e9n participa en los procesos de consulta de los planes, programas o pol\u00edticas en materia de seguimiento y fiscalizaci\u00f3n ambiental que la instituci\u00f3n estime pertinente. La instancia est\u00e1 integrada por 10 representantes de gremios, ONG, universidades y centros de estudio.<\/p>\n<p style=\"text-align: justify;\">La sesi\u00f3n comenz\u00f3 con una exposici\u00f3n por parte de la encargada nacional del Plan de Acci\u00f3n Nacional (PAN) de Derechos Humanos y Empresas, Ver\u00f3nica Zub\u00eda. Dicho plan es una de las medidas adoptadas en Chile por el Consejo de Responsabilidad Social para el Desarrollo Sostenible, cuya coordinaci\u00f3n fue encomendada a la Direcci\u00f3n de DDHH del Ministerio de Relaciones Exteriores con el objeto de implementar los Principios Rectores de Naciones Unidas en el pa\u00eds. La SMA comprometi\u00f3 medidas respecto al Plan de Acci\u00f3n. Una de ellas era promover este tema entre los t\u00f3picos que aborda el Consejo de la Sociedad Civil durante el a\u00f1o 2017.<\/p>\n<p style=\"text-align: justify;\">Zub\u00eda explic\u00f3 que los principios rectores de Naciones Unidas en esta materia \u2013aprobados por unanimidad en 2011 en el consejo ad-hoc de la ONU-, son un conjunto de directrices acordadas por la comunidad internacional como una gu\u00eda que orienta tanto a los Estados en su labor de protecci\u00f3n de los derechos humanos, como a las empresas en su deber de respetarlos. La especialista, abord\u00f3 principalmente los temas que se relacionan con medioambiente.<\/p>\n<p>Para continuar el desarrollo de la sesi\u00f3n, los miembros del Concejo comenzaron la discusi\u00f3n sobre potenciales mejoras y cambios que pueden ser viables de introducir tanto a la gesti\u00f3n como al marco normativo de la SMA, discusi\u00f3n que se extender\u00e1 por el resto de sesiones de este Consejo durante 2017, para posteriormente materializarse en un informe final con propuestas que el Consejo de la Sociedad Civil entregar\u00e1 a fin de a\u00f1o a la SMA.<\/p>\n","protected":false},"excerpt":{"rendered":"<p>Esta correspondi\u00f3 a la sesi\u00f3n n\u00famero 22 del grupo que re\u00fane a representantes del mundo acad\u00e9mico, centros de estudios y ONG.<\/p>\n","protected":false},"author":3,"featured_media":16728,"comment_status":"open","ping_status":"open","sticky":false,"template":"","format":"standard","meta":{"footnotes":""},"categories":[94],"tags":[],"class_list":["post-16729","post","type-post","status-publish","format-standard","has-post-thumbnail","hentry","category-notas-noticias"],"_links":{"self":[{"href":"https:\/\/portal.sma.gob.cl\/index.php\/wp-json\/wp\/v2\/posts\/16729","targetHints":{"allow":["GET"]}}],"collection":[{"href":"https:\/\/portal.sma.gob.cl\/index.php\/wp-json\/wp\/v2\/posts"}],"about":[{"href":"https:\/\/portal.sma.gob.cl\/index.php\/wp-json\/wp\/v2\/types\/post"}],"author":[{"embeddable":true,"href":"https:\/\/portal.sma.gob.cl\/index.php\/wp-json\/wp\/v2\/users\/3"}],"replies":[{"embeddable":true,"href":"https:\/\/portal.sma.gob.cl\/index.php\/wp-json\/wp\/v2\/comments?post=16729"}],"version-history":[{"count":0,"href":"https:\/\/portal.sma.gob.cl\/index.php\/wp-json\/wp\/v2\/posts\/16729\/revisions"}],"wp:featuredmedia":[{"embeddable":true,"href":"https:\/\/portal.sma.gob.cl\/index.php\/wp-json\/wp\/v2\/media\/16728"}],"wp:attachment":[{"href":"https:\/\/portal.sma.gob.cl\/index.php\/wp-json\/wp\/v2\/media?parent=16729"}],"wp:term":[{"taxonomy":"category","embeddable":true,"href":"https:\/\/portal.sma.gob.cl\/index.php\/wp-json\/wp\/v2\/categories?post=16729"},{"taxonomy":"post_tag","embeddable":true,"href":"https:\/\/portal.sma.gob.cl\/index.php\/wp-json\/wp\/v2\/tags?post=16729"}],"curies":[{"name":"wp","href":"https:\/\/api.w.org\/{rel}","templated":true}]}}