{"id":16731,"date":"2017-06-09T13:21:59","date_gmt":"2017-06-09T13:21:59","guid":{"rendered":"https:\/\/portal.sma.gob.cl\/index.php\/2017\/06\/09\/sma-participa-en-curso-ambiental-en-el-salvador\/"},"modified":"2017-06-09T13:21:59","modified_gmt":"2017-06-09T13:21:59","slug":"sma-participa-en-curso-ambiental-en-el-salvador","status":"publish","type":"post","link":"https:\/\/portal.sma.gob.cl\/index.php\/sma-participa-en-curso-ambiental-en-el-salvador\/","title":{"rendered":"SMA participa en curso ambiental en El Salvador"},"content":{"rendered":"<p style=\"text-align: justify;\"><strong><img decoding=\"async\" class=\"size-auto size-full wp-image-16730\" src=\"https:\/\/portal.sma.gob.cl\/wp-content\/uploads\/2017\/06\/nota-ELSALVADOR.jpg\" alt=\"nota-ELSALVADOR\" width=\"760\" height=\"360\" srcset=\"https:\/\/portal.sma.gob.cl\/wp-content\/uploads\/2017\/06\/nota-ELSALVADOR-200x95.jpg 200w, https:\/\/portal.sma.gob.cl\/wp-content\/uploads\/2017\/06\/nota-ELSALVADOR-300x142.jpg 300w, https:\/\/portal.sma.gob.cl\/wp-content\/uploads\/2017\/06\/nota-ELSALVADOR-400x189.jpg 400w, https:\/\/portal.sma.gob.cl\/wp-content\/uploads\/2017\/06\/nota-ELSALVADOR-600x284.jpg 600w, https:\/\/portal.sma.gob.cl\/wp-content\/uploads\/2017\/06\/nota-ELSALVADOR.jpg 760w\" sizes=\"(max-width: 760px) 100vw, 760px\" \/><\/strong><\/p>\n<p style=\"text-align: justify;\"><strong>Mauricio Ben\u00edtez, de la Oficina Regional de Los R\u00edos, particip\u00f3 como expositor sobre el modelo de fiscalizaci\u00f3n de la SMA en un curso de Fiscalizaci\u00f3n y Forense Ambiental, organizado por la Agencia de Protecci\u00f3n Ambiental de EEUU (EPA) en Centroam\u00e9rica.<\/strong><\/p>\n<p>  <!--more-->  <\/p>\n<p style=\"text-align: justify;\"><strong>San Salvador, El Salvador, 8 de junio 2017.<\/strong> En pleno desarrollo, en la capital de El Salvador, la Agencia de Protecci\u00f3n Ambiental de los EE.UU (EPA) se encuentra impartiendo el curso \u201cFiscalizaci\u00f3n y Forense Ambiental\u201d, dedicado a la supervisi\u00f3n, fiscalizaci\u00f3n, recopilaci\u00f3n y uso de pruebas forenses, para inspectores ambientales y funcionarios p\u00fablicos de Centro Am\u00e9rica y Rep\u00fablica Dominicana. El curso tiene como objetivo fortalecer el conocimiento t\u00e9cnico e incorporar nuevas herramientas en el proceso de supervisi\u00f3n y fiscalizaci\u00f3n del cumplimiento ambiental. En este se abordan temas como el levantamiento de evidencia, las mejores t\u00e9cnicas de muestreo, y an\u00e1lisis, y respuestas ante situaciones de emergencia.<br \/>La Agencia de Protecci\u00f3n Ambiental (EPA) y la Superintendencia de Medio Ambiente (SMA) tienen una larga historia cooperaci\u00f3n en pol\u00edticas y pr\u00e1cticas de fiscalizaci\u00f3n desde el a\u00f1o 2007. En ese contexto, fue invitado como expositor del curso el profesional de la SMA, Mauricio Ben\u00edtez Morales, bi\u00f3logo marino con amplia experiencia en materia de fiscalizaci\u00f3n ambiental y que se desempe\u00f1a en la Oficina Regional de Los R\u00edos. <br \/>En la instancia, el representante de la SMA expuso sobre la experiencia en Chile en materia de fiscalizaci\u00f3n, abordando aspectos como la importancia de la planificaci\u00f3n de las inspecciones, el seguimiento ambiental; y tambi\u00e9n hizo hincapi\u00e9 en los conceptos acu\u00f1ados por la SMA como \u201cUnidad Fiscalizable\u201d y \u201cFiscalizaci\u00f3n Ambiental Estrat\u00e9gica\u201d. Junto a \u00e9l expusieron los especialistas de la EPA Jos\u00e9 Rivera, Mar\u00eda L\u00f3pez, Jos\u00e9 Jimenez. El pa\u00eds anfitri\u00f3n del evento, fue representado por Lina Pohl, Ministra del Ambiente y Recursos Naturales de El Salvador.<br \/>Sobre su experiencia como instructor del curso, Mauricio Ben\u00edtez se\u00f1al\u00f3: \u201cMe siento muy orgullo de representar a la SMA en esta instancia. Desde ac\u00e1, uno puede observar con mayor nitidez cu\u00e1nto hemos madurado como instituci\u00f3n, tanto en materia de fiscalizaci\u00f3n ambiental estrat\u00e9gica, como en nuestro mandato de rector\u00eda t\u00e9cnica, lo que genera especial inter\u00e9s en otros pa\u00edses de la regi\u00f3n, ya que hay distintos grados de maduraci\u00f3n en el \u00e1rea ambiental\u201d.<br \/>Cabe destacar que a trav\u00e9s de la historia de cooperaci\u00f3n de la SMA y EPA se han realizado cursos y capacitaciones a m\u00e1s de 550 personas en Chile y la regi\u00f3n, a trav\u00e9s del trabajo de la Red Sudamericana de Fiscalizaci\u00f3n y Cumplimiento Ambiental.<\/p>\n<p>&nbsp;<\/p>\n","protected":false},"excerpt":{"rendered":"<p>Mauricio Ben\u00edtez, de la Oficina Regional de Los R\u00edos, particip\u00f3 como expositor sobre el modelo de fiscalizaci\u00f3n de la SMA en un curso de Fiscalizaci\u00f3n y Forense Ambiental, organizado por la Agencia de Protecci\u00f3n Ambiental de EEUU (EPA) en Centroam\u00e9rica.<\/p>\n","protected":false},"author":3,"featured_media":16730,"comment_status":"open","ping_status":"open","sticky":false,"template":"","format":"standard","meta":{"footnotes":""},"categories":[94],"tags":[],"class_list":["post-16731","post","type-post","status-publish","format-standard","has-post-thumbnail","hentry","category-notas-noticias"],"_links":{"self":[{"href":"https:\/\/portal.sma.gob.cl\/index.php\/wp-json\/wp\/v2\/posts\/16731","targetHints":{"allow":["GET"]}}],"collection":[{"href":"https:\/\/portal.sma.gob.cl\/index.php\/wp-json\/wp\/v2\/posts"}],"about":[{"href":"https:\/\/portal.sma.gob.cl\/index.php\/wp-json\/wp\/v2\/types\/post"}],"author":[{"embeddable":true,"href":"https:\/\/portal.sma.gob.cl\/index.php\/wp-json\/wp\/v2\/users\/3"}],"replies":[{"embeddable":true,"href":"https:\/\/portal.sma.gob.cl\/index.php\/wp-json\/wp\/v2\/comments?post=16731"}],"version-history":[{"count":0,"href":"https:\/\/portal.sma.gob.cl\/index.php\/wp-json\/wp\/v2\/posts\/16731\/revisions"}],"wp:featuredmedia":[{"embeddable":true,"href":"https:\/\/portal.sma.gob.cl\/index.php\/wp-json\/wp\/v2\/media\/16730"}],"wp:attachment":[{"href":"https:\/\/portal.sma.gob.cl\/index.php\/wp-json\/wp\/v2\/media?parent=16731"}],"wp:term":[{"taxonomy":"category","embeddable":true,"href":"https:\/\/portal.sma.gob.cl\/index.php\/wp-json\/wp\/v2\/categories?post=16731"},{"taxonomy":"post_tag","embeddable":true,"href":"https:\/\/portal.sma.gob.cl\/index.php\/wp-json\/wp\/v2\/tags?post=16731"}],"curies":[{"name":"wp","href":"https:\/\/api.w.org\/{rel}","templated":true}]}}