{"id":16739,"date":"2017-06-16T19:42:06","date_gmt":"2017-06-16T19:42:06","guid":{"rendered":"https:\/\/portal.sma.gob.cl\/index.php\/2017\/06\/16\/region-metropolitana-taller-sma-sea-aborda-el-sistema-de-entidades-tecnicas-de-fiscalizacion-ambiental-y-seguimiento-ambiental\/"},"modified":"2017-06-16T19:42:06","modified_gmt":"2017-06-16T19:42:06","slug":"region-metropolitana-taller-sma-sea-aborda-el-sistema-de-entidades-tecnicas-de-fiscalizacion-ambiental-y-seguimiento-ambiental","status":"publish","type":"post","link":"https:\/\/portal.sma.gob.cl\/index.php\/region-metropolitana-taller-sma-sea-aborda-el-sistema-de-entidades-tecnicas-de-fiscalizacion-ambiental-y-seguimiento-ambiental\/","title":{"rendered":"REGI\u00d3N METROPOLITANA: Taller SMA-SEA aborda el Sistema de \u201cEntidades T\u00e9cnicas de Fiscalizaci\u00f3n Ambiental&#8221; y &#8220;Seguimiento Ambiental\u201d"},"content":{"rendered":"<p style=\"text-align: justify;\"><a href=\"index.php\/noticias\/notas\/834-region-metropolitana-taller-sma-sea-aborda-el-sistema-de-entidades-tecnicas-de-fiscalizacion-ambiental-y-seguimiento-ambiental\"><strong><img decoding=\"async\" class=\"size-auto size-full wp-image-16738\" src=\"https:\/\/portal.sma.gob.cl\/wp-content\/uploads\/2017\/06\/NOTA-TallerETFARM.jpg\" alt=\"NOTA-TallerETFARM\" width=\"760\" height=\"360\" srcset=\"https:\/\/portal.sma.gob.cl\/wp-content\/uploads\/2017\/06\/NOTA-TallerETFARM-200x95.jpg 200w, https:\/\/portal.sma.gob.cl\/wp-content\/uploads\/2017\/06\/NOTA-TallerETFARM-300x142.jpg 300w, https:\/\/portal.sma.gob.cl\/wp-content\/uploads\/2017\/06\/NOTA-TallerETFARM-400x189.jpg 400w, https:\/\/portal.sma.gob.cl\/wp-content\/uploads\/2017\/06\/NOTA-TallerETFARM-600x284.jpg 600w, https:\/\/portal.sma.gob.cl\/wp-content\/uploads\/2017\/06\/NOTA-TallerETFARM.jpg 760w\" sizes=\"(max-width: 760px) 100vw, 760px\" \/><\/strong><\/a><\/p>\n<p style=\"text-align: justify;\"><strong>En la oportunidad participaron 25 funcionarios de los servicios p\u00fablicos que integran el Comit\u00e9 T\u00e9cnico en el marco del Sistema de Evaluaci\u00f3n de Impacto Ambiental.<\/strong><\/p>\n<p>  <!--more-->  <\/p>\n<p style=\"text-align: justify;\"><strong>Santiago, 15 de junio de 2017.<\/strong> Esta ma\u00f1ana se llev\u00f3 a cabo en el sal\u00f3n del Gobierno Regional un taller organizado por la Jefa de la Oficina Regional Metropolitana de la Superintendencia del Medio Ambiente (SMA), Mar\u00eda Isabel Mallea, y la Directora Regional del Servicio de Evaluaci\u00f3n Ambiental (SEA), Valeria Essus, sobre el \u201cSistema de Entidades T\u00e9cnicas de Fiscalizaci\u00f3n Ambiental&#8221; y &#8220;Sistema de Seguimiento Ambiental en la Regi\u00f3n&#8221;.<\/p>\n<p style=\"text-align: justify;\">La actividad se dirigi\u00f3 a los profesionales que integran el Comit\u00e9 T\u00e9cnico de la Regi\u00f3n Metropolitana que participan en la evaluaci\u00f3n ambiental de proyectos en el marco del Sistema de Evaluaci\u00f3n de Impacto Ambiental, contando con la asistencia de 25 funcionarios de distintos servicios p\u00fablicos. En la primera exposici\u00f3n se present\u00f3 el Sistema de Entidades de Fiscalizaci\u00f3n, a cargo de la Jefa de la Secci\u00f3n de Autorizaci\u00f3n a Terceros, M\u00f3nica Vergara, quien estuvo a acompa\u00f1ada por la Fiscal de la Superintendencia, Dominique Herv\u00e9, y la abogada Mar\u00eda Graciela Veas. Durante este bloque se explic\u00f3 t\u00e9cnica y jur\u00eddicamente el sistema que comenz\u00f3 a operar en octubre de 2016, y que obliga a que todas las actividades de muestreo, medici\u00f3n y\/o an\u00e1lisis, que reporten los titulares de actividades o fuentes reguladas por la SMA, deber\u00e1n ser ejecutadas por una o m\u00e1s Entidades T\u00e9cnicas de Fiscalizaci\u00f3n Ambiental (ETFA), en el o los alcances espec\u00edficos autorizados.<\/p>\n<p style=\"text-align: justify;\">La segunda parte del taller, a cargo de Iv\u00e1n Honorato, Jefe de la Secci\u00f3n de Programaci\u00f3n, consisti\u00f3 en explicar c\u00f3mo funciona el Sistema de Seguimiento Ambiental y la nueva plataforma SMA-OS que ya comenz\u00f3 su marcha blanca, y que permitir\u00e1 a los servicios p\u00fablicos integrantes de la Red Nacional de Fiscalizaci\u00f3n Ambiental, acceder a los reportes de los regulados de forma f\u00e1cil y expedita, a trav\u00e9s de una plataforma integrada, en la cual tambi\u00e9n podr\u00e1n elaborar sus informes de fiscalizaci\u00f3n. Asimismo, destac\u00f3 la importancia de la estandarizaci\u00f3n del Sistema de Seguimiento, y de la retroalimentaci\u00f3n entre la fiscalizaci\u00f3n y el Sistema de Evaluaci\u00f3n de Impacto Ambiental.<\/p>\n","protected":false},"excerpt":{"rendered":"<p>En la oportunidad participaron 25 funcionarios de los servicios p\u00fablicos que integran el Comit\u00e9 T\u00e9cnico en el marco del Sistema de Evaluaci\u00f3n de Impacto Ambiental.<\/p>\n","protected":false},"author":3,"featured_media":16738,"comment_status":"open","ping_status":"open","sticky":false,"template":"","format":"standard","meta":{"footnotes":""},"categories":[94],"tags":[],"class_list":["post-16739","post","type-post","status-publish","format-standard","has-post-thumbnail","hentry","category-notas-noticias"],"_links":{"self":[{"href":"https:\/\/portal.sma.gob.cl\/index.php\/wp-json\/wp\/v2\/posts\/16739","targetHints":{"allow":["GET"]}}],"collection":[{"href":"https:\/\/portal.sma.gob.cl\/index.php\/wp-json\/wp\/v2\/posts"}],"about":[{"href":"https:\/\/portal.sma.gob.cl\/index.php\/wp-json\/wp\/v2\/types\/post"}],"author":[{"embeddable":true,"href":"https:\/\/portal.sma.gob.cl\/index.php\/wp-json\/wp\/v2\/users\/3"}],"replies":[{"embeddable":true,"href":"https:\/\/portal.sma.gob.cl\/index.php\/wp-json\/wp\/v2\/comments?post=16739"}],"version-history":[{"count":0,"href":"https:\/\/portal.sma.gob.cl\/index.php\/wp-json\/wp\/v2\/posts\/16739\/revisions"}],"wp:featuredmedia":[{"embeddable":true,"href":"https:\/\/portal.sma.gob.cl\/index.php\/wp-json\/wp\/v2\/media\/16738"}],"wp:attachment":[{"href":"https:\/\/portal.sma.gob.cl\/index.php\/wp-json\/wp\/v2\/media?parent=16739"}],"wp:term":[{"taxonomy":"category","embeddable":true,"href":"https:\/\/portal.sma.gob.cl\/index.php\/wp-json\/wp\/v2\/categories?post=16739"},{"taxonomy":"post_tag","embeddable":true,"href":"https:\/\/portal.sma.gob.cl\/index.php\/wp-json\/wp\/v2\/tags?post=16739"}],"curies":[{"name":"wp","href":"https:\/\/api.w.org\/{rel}","templated":true}]}}