{"id":16741,"date":"2017-06-20T13:18:55","date_gmt":"2017-06-20T13:18:55","guid":{"rendered":"https:\/\/portal.sma.gob.cl\/index.php\/2017\/06\/20\/sma-inaugura-nuevas-dependencias-en-la-region-metropolitana\/"},"modified":"2017-06-20T13:18:55","modified_gmt":"2017-06-20T13:18:55","slug":"sma-inaugura-nuevas-dependencias-en-la-region-metropolitana","status":"publish","type":"post","link":"https:\/\/portal.sma.gob.cl\/index.php\/sma-inaugura-nuevas-dependencias-en-la-region-metropolitana\/","title":{"rendered":"SMA inaugura nuevas dependencias en la Regi\u00f3n Metropolitana"},"content":{"rendered":"<p style=\"text-align: justify;\"><strong><img decoding=\"async\" class=\"size-auto size-full wp-image-16740\" src=\"https:\/\/portal.sma.gob.cl\/wp-content\/uploads\/2017\/06\/NOTA-Inauguraci%C3%B3nPiso7.jpg\" alt=\"NOTA-Inauguraci\u00f3nPiso7\" width=\"760\" height=\"360\" \/><\/strong><\/p>\n<p style=\"text-align: justify;\"><strong>El Ministro del Medio Ambiente, Marcelo Mena, el Subsecretario Jorge Canals y el Superintendente, Cristi\u00e1n Franz, cortaron la cinta de las nuevas instalaciones que albergan a la Divisi\u00f3n de Fiscalizaci\u00f3n y a la Oficina Regional Metropolitana.<\/strong><\/p>\n<p>  <!--more-->  <\/p>\n<p style=\"text-align: justify;\"><strong>Santiago, 19 de junio de 2017.<\/strong> Esta tarde se inauguraron las nuevas dependencias de la Superintendencia del Medio Ambiente. Se trata de media planta en el piso 7 del edificio Teatinos 280, que alberga a los profesionales de la Divisi\u00f3n de Fiscalizaci\u00f3n, encabezada por Rub\u00e9n Verdugo, y de la Oficina Regional Metropolitana, a cargo de Mar\u00eda Isabel Mallea. Esto se suma a los pisos 8 y 9, con que ya cuenta la SMA en el mismo edificio.<\/p>\n<p style=\"text-align: justify;\">El Ministro del Medio Ambiente, Marcelo Mena, junto al subsecretario del ramo, Jorge Canals, y el Superintendente Cristi\u00e1n Franz, realizaron el corte de cinta de las nuevas oficinas. \u201cEstas nuevas dependencias buscan dar un buen lugar de trabajo a todos los profesionales de la SMA y tienen un espacio para ir creciendo, en la medida que se sumen nuevos compa\u00f1eros y compa\u00f1eras de trabajo. Adicionalmente, este a\u00f1o ya inauguramos la oficina n\u00famero 10 en la Regi\u00f3n del Maule, y pr\u00f3ximamente en julio inauguraremos nuestra oficina regional de Ays\u00e9n. En el mes de agosto abriremos nuestra oficina de Coquimbo, totalizando as\u00ed 12 regiones con presencia de la SMA, y se solicitar\u00e1 presupuesto para alcanzar en 2018 a tener cobertura en las 15 regiones del pa\u00eds\u201d, afirm\u00f3.<\/p>\n<p style=\"text-align: justify;\">Por su parte, el Ministro Mena destac\u00f3 la importancia del rol de la Superintendencia en el nuevo marco institucional. \u201cComo gobierno hemos avanzado mucho en nueva normativa, y la Superintendencia es un organismo fiscalizador que cada vez est\u00e1 m\u00e1s presente. Las empresas saben que est\u00e1n siendo fiscalizadas y eso lleva a promover el cumplimiento de la normativa. Ahora, en el segundo semestre queremos seguir avanzando en la agenda de cambio clim\u00e1tico; en la Ley que crea el Servicio de Biodiversidad y \u00c1reas Protegidas; en la Red de Parques Nacionales y \u00e1reas marinas protegidas. Tenemos grandes desaf\u00edos y es un muy buen momento para estar trabajando en medio ambiente\u201d, finaliz\u00f3.<\/p>\n","protected":false},"excerpt":{"rendered":"<p>El Ministro del Medio Ambiente, Marcelo Mena, el Subsecretario Jorge Canals y el Superintendente, Cristi\u00e1n Franz, cortaron la cinta de las nuevas instalaciones que albergan a la Divisi\u00f3n de Fiscalizaci\u00f3n y a la Oficina Regional Metropolitana.<\/p>\n","protected":false},"author":3,"featured_media":16740,"comment_status":"open","ping_status":"open","sticky":false,"template":"","format":"standard","meta":{"footnotes":""},"categories":[94],"tags":[],"class_list":["post-16741","post","type-post","status-publish","format-standard","has-post-thumbnail","hentry","category-notas-noticias"],"_links":{"self":[{"href":"https:\/\/portal.sma.gob.cl\/index.php\/wp-json\/wp\/v2\/posts\/16741","targetHints":{"allow":["GET"]}}],"collection":[{"href":"https:\/\/portal.sma.gob.cl\/index.php\/wp-json\/wp\/v2\/posts"}],"about":[{"href":"https:\/\/portal.sma.gob.cl\/index.php\/wp-json\/wp\/v2\/types\/post"}],"author":[{"embeddable":true,"href":"https:\/\/portal.sma.gob.cl\/index.php\/wp-json\/wp\/v2\/users\/3"}],"replies":[{"embeddable":true,"href":"https:\/\/portal.sma.gob.cl\/index.php\/wp-json\/wp\/v2\/comments?post=16741"}],"version-history":[{"count":0,"href":"https:\/\/portal.sma.gob.cl\/index.php\/wp-json\/wp\/v2\/posts\/16741\/revisions"}],"wp:featuredmedia":[{"embeddable":true,"href":"https:\/\/portal.sma.gob.cl\/index.php\/wp-json\/wp\/v2\/media\/16740"}],"wp:attachment":[{"href":"https:\/\/portal.sma.gob.cl\/index.php\/wp-json\/wp\/v2\/media?parent=16741"}],"wp:term":[{"taxonomy":"category","embeddable":true,"href":"https:\/\/portal.sma.gob.cl\/index.php\/wp-json\/wp\/v2\/categories?post=16741"},{"taxonomy":"post_tag","embeddable":true,"href":"https:\/\/portal.sma.gob.cl\/index.php\/wp-json\/wp\/v2\/tags?post=16741"}],"curies":[{"name":"wp","href":"https:\/\/api.w.org\/{rel}","templated":true}]}}