{"id":16743,"date":"2017-06-20T13:48:05","date_gmt":"2017-06-20T13:48:05","guid":{"rendered":"https:\/\/portal.sma.gob.cl\/index.php\/2017\/06\/20\/rancagua-se-realiza-el-primer-taller-regional-con-organismos-de-la-renfa\/"},"modified":"2017-06-20T13:48:05","modified_gmt":"2017-06-20T13:48:05","slug":"rancagua-se-realiza-el-primer-taller-regional-con-organismos-de-la-renfa","status":"publish","type":"post","link":"https:\/\/portal.sma.gob.cl\/index.php\/rancagua-se-realiza-el-primer-taller-regional-con-organismos-de-la-renfa\/","title":{"rendered":"RANCAGUA: Se realiza el primer taller regional con organismos de la RENFA"},"content":{"rendered":"<p style=\"text-align: justify;\"><strong><img decoding=\"async\" class=\"size-auto size-full wp-image-16742\" src=\"https:\/\/portal.sma.gob.cl\/wp-content\/uploads\/2017\/06\/NOTA-TallerRancaguaRENFA.jpg\" alt=\"NOTA-TallerRancaguaRENFA\" width=\"760\" height=\"360\" srcset=\"https:\/\/portal.sma.gob.cl\/wp-content\/uploads\/2017\/06\/NOTA-TallerRancaguaRENFA-200x95.jpg 200w, https:\/\/portal.sma.gob.cl\/wp-content\/uploads\/2017\/06\/NOTA-TallerRancaguaRENFA-300x142.jpg 300w, https:\/\/portal.sma.gob.cl\/wp-content\/uploads\/2017\/06\/NOTA-TallerRancaguaRENFA-400x189.jpg 400w, https:\/\/portal.sma.gob.cl\/wp-content\/uploads\/2017\/06\/NOTA-TallerRancaguaRENFA-600x284.jpg 600w, https:\/\/portal.sma.gob.cl\/wp-content\/uploads\/2017\/06\/NOTA-TallerRancaguaRENFA.jpg 760w\" sizes=\"(max-width: 760px) 100vw, 760px\" \/><\/strong><\/p>\n<p style=\"text-align: justify;\"><strong>En la oportunidad participaron 30 funcionarios de los servicios p\u00fablicos que forman parte de la Red Nacional de Fiscalizaci\u00f3n Ambiental (RENFA).<\/strong><\/p>\n<p>  <!--more-->  <\/p>\n<p style=\"text-align: justify;\"><strong>Rancagua, 16 de junio de 2017.<\/strong> Esta ma\u00f1ana se llev\u00f3 a cabo en la capital regional de O\u2019Higgins el primer taller dirigido a los funcionarios de los 16 organismos p\u00fablicos que forman parte de la Red Nacional de Fiscalizaci\u00f3n Ambiental (RENFA). En la ocasi\u00f3n participaron 30 profesionales de distintos servicios p\u00fablicos de la Regi\u00f3n de O\u2019Higgins, como la Seremi de Medio Ambiente, Seremi de Salud, SAG, DGA, Sernageomin, CONAF, DOH , Direcci\u00f3n De Vialidad, SEA, entre otros.<\/p>\n<p style=\"text-align: justify;\">La jornada parti\u00f3 con una presentaci\u00f3n del Jefe Regional, Santiago Pinedo, quien expuso los lineamientos base de la nueva gesti\u00f3n de denuncias de la SMA. Posteriormente los fiscalizadores Eduardo \u00c1vila y Karina Olivares realizaron una explicaci\u00f3n sobre la gesti\u00f3n de denuncias ambientales, abordando los aspectos m\u00ednimos para presentar una denuncia ambiental. Asimismo, se abord\u00f3 el informe t\u00e9cnico, condiciones generales y los contenidos m\u00ednimos que debe tener una denuncia que se presente por parte de un organismo p\u00fablico a la SMA. A modo de ejemplo, se abord\u00f3 la gesti\u00f3n de denuncias que la CONAF ha presentado ante la Superintendencia cuando hay infracciones a los instrumentos de gesti\u00f3n ambiental de competencia de la SMA.<\/p>\n<p style=\"text-align: justify;\">El taller finaliz\u00f3 con una exposici\u00f3n de Paulina Abarca, profesional de la Divisi\u00f3n de Sanciones, quien abord\u00f3 un caso relativo a una empresa de saneamiento ambiental, analizando desde la gesti\u00f3n de denuncias ciudadanas, la fiscalizaci\u00f3n de ellas y el posterior procedimiento sancionatorio.<\/p>\n","protected":false},"excerpt":{"rendered":"<p>En la oportunidad participaron 30 funcionarios de los servicios p\u00fablicos que forman parte de la Red Nacional de Fiscalizaci\u00f3n Ambiental (RENFA).<\/p>\n","protected":false},"author":3,"featured_media":16742,"comment_status":"open","ping_status":"open","sticky":false,"template":"","format":"standard","meta":{"footnotes":""},"categories":[94],"tags":[],"class_list":["post-16743","post","type-post","status-publish","format-standard","has-post-thumbnail","hentry","category-notas-noticias"],"_links":{"self":[{"href":"https:\/\/portal.sma.gob.cl\/index.php\/wp-json\/wp\/v2\/posts\/16743","targetHints":{"allow":["GET"]}}],"collection":[{"href":"https:\/\/portal.sma.gob.cl\/index.php\/wp-json\/wp\/v2\/posts"}],"about":[{"href":"https:\/\/portal.sma.gob.cl\/index.php\/wp-json\/wp\/v2\/types\/post"}],"author":[{"embeddable":true,"href":"https:\/\/portal.sma.gob.cl\/index.php\/wp-json\/wp\/v2\/users\/3"}],"replies":[{"embeddable":true,"href":"https:\/\/portal.sma.gob.cl\/index.php\/wp-json\/wp\/v2\/comments?post=16743"}],"version-history":[{"count":0,"href":"https:\/\/portal.sma.gob.cl\/index.php\/wp-json\/wp\/v2\/posts\/16743\/revisions"}],"wp:featuredmedia":[{"embeddable":true,"href":"https:\/\/portal.sma.gob.cl\/index.php\/wp-json\/wp\/v2\/media\/16742"}],"wp:attachment":[{"href":"https:\/\/portal.sma.gob.cl\/index.php\/wp-json\/wp\/v2\/media?parent=16743"}],"wp:term":[{"taxonomy":"category","embeddable":true,"href":"https:\/\/portal.sma.gob.cl\/index.php\/wp-json\/wp\/v2\/categories?post=16743"},{"taxonomy":"post_tag","embeddable":true,"href":"https:\/\/portal.sma.gob.cl\/index.php\/wp-json\/wp\/v2\/tags?post=16743"}],"curies":[{"name":"wp","href":"https:\/\/api.w.org\/{rel}","templated":true}]}}