{"id":16747,"date":"2017-06-21T20:39:02","date_gmt":"2017-06-21T20:39:02","guid":{"rendered":"https:\/\/portal.sma.gob.cl\/index.php\/2017\/06\/21\/antofagasta-y-valdivia-amplia-convocatoria-tuvo-taller-de-difusion-sobre-el-sistema-de-entidades-tecnicas-2\/"},"modified":"2017-06-21T20:39:02","modified_gmt":"2017-06-21T20:39:02","slug":"antofagasta-y-valdivia-amplia-convocatoria-tuvo-taller-de-difusion-sobre-el-sistema-de-entidades-tecnicas-2","status":"publish","type":"post","link":"https:\/\/portal.sma.gob.cl\/index.php\/antofagasta-y-valdivia-amplia-convocatoria-tuvo-taller-de-difusion-sobre-el-sistema-de-entidades-tecnicas-2\/","title":{"rendered":"ANTOFAGASTA Y VALDIVIA: Amplia convocatoria tuvo taller de difusi\u00f3n sobre el sistema de entidades t\u00e9cnicas"},"content":{"rendered":"<p><img decoding=\"async\" class=\"size-auto size-full wp-image-16744\" src=\"https:\/\/portal.sma.gob.cl\/wp-content\/uploads\/2017\/06\/nota-taller_ANTOF-VALDIVIA2.jpg\" alt=\"nota-taller ANTOF-VALDIVIA2\" width=\"760\" height=\"360\" srcset=\"https:\/\/portal.sma.gob.cl\/wp-content\/uploads\/2017\/06\/nota-taller_ANTOF-VALDIVIA2-200x95.jpg 200w, https:\/\/portal.sma.gob.cl\/wp-content\/uploads\/2017\/06\/nota-taller_ANTOF-VALDIVIA2-300x142.jpg 300w, https:\/\/portal.sma.gob.cl\/wp-content\/uploads\/2017\/06\/nota-taller_ANTOF-VALDIVIA2-400x189.jpg 400w, https:\/\/portal.sma.gob.cl\/wp-content\/uploads\/2017\/06\/nota-taller_ANTOF-VALDIVIA2-600x284.jpg 600w, https:\/\/portal.sma.gob.cl\/wp-content\/uploads\/2017\/06\/nota-taller_ANTOF-VALDIVIA2.jpg 760w\" sizes=\"(max-width: 760px) 100vw, 760px\" \/><\/p>\n<p style=\"text-align: justify;\"><strong style=\"font-size: 12.16px;\">En total, m\u00e1s de 80 personas se capacitaron respecto de los Sistemas para Entidades T\u00e9cnicas de Fiscalizaci\u00f3n Ambiental (ETFA) y Certificaci\u00f3n Ambiental (ETCA).<\/strong><\/p>\n<p>  <!--more-->  <\/p>\n<p style=\"text-align: justify;\"><strong>Santiago, 21 de junio de 2017.<\/strong> La Superintendencia del Medio Ambiente se encuentra realizando durante el mes de junio y julio talleres destinados a la de difusi\u00f3n del Sistema de Entidades T\u00e9cnicas de Fiscalizaci\u00f3n Ambiental (ETFA) y Entidades T\u00e9cnicas de Certificaci\u00f3n Ambiental (ETCA).<\/p>\n<p style=\"text-align: justify;\">Dichas instancias tienen como objetivo principal dar a conocer los requisitos para autorizaci\u00f3n como ETFA y ETCA, los campos de aplicaci\u00f3n y los modelos de operaci\u00f3n de ambos sistemas, y las directrices actualmente vigentes que aplican a cada uno, entre otros temas relevantes.<\/p>\n<p style=\"text-align: justify;\">En el caso de la Regi\u00f3n de Antofagasta, dicha actividad se realiz\u00f3 el d\u00eda 15 de Junio de 2017, con la participaci\u00f3n de m\u00e1s de 50 profesionales representantes de Titulares, consultoras y ETFAS que operan en la regi\u00f3n. \u201cEstamos muy conformes con la convocatoria y la activa participaci\u00f3n de los asistentes al taller, creo que se logr\u00f3 el objetivo de difundir y dar a conocer el estado actual en que se encuentra el sistema ETFA\/ETCA y los desaf\u00edo futuros. Esperamos continuar desarrollando este tipo de encuentros en el futuro, ya que como SMA estamos muy comprometidos con fortalecer las instancias de difusi\u00f3n de nuestro quehacer hacia nuestros regulados, como una forma de promover activamente el cumplimiento de la normativa ambiental vigente\u201d, dijo el Jefe de la Oficina Regional de Antofagasta, Ricardo Ortiz.<\/p>\n<p style=\"text-align: justify;\">Por su parte, en la capital regional de Los R\u00edos, se llev\u00f3 a cabo la misma actividad, el d\u00eda 20 de junio, convocando a cerca de 30 profesionales, tanto titulares como empresas interesadas en constituirse como ETFA. \u201cEste es un paso m\u00e1s para la consolidaci\u00f3n del modelo de fiscalizaci\u00f3n que ejerce la Superintendencia, en este caso, de terceros autorizados. Hubo una muy buena recepci\u00f3n de todos los asistentes, en la reuni\u00f3n resolvieron muchas de las dudas respecto de la normativa aplicable\u201d, dijo Eduardo Rodr\u00edguez, jefe de la Oficina Regional de Los R\u00edos.<\/p>\n<p>Cabe destacar que estos talleres est\u00e1n dirigidos a interesados en autorizarse como Entidad T\u00e9cnica, as\u00ed como tambi\u00e9n para regulados y titulares de proyectos vinculados a las entidades t\u00e9cnicas. Para obtener informaci\u00f3n sobre los pr\u00f3ximos talleres del ciclo, acceder al siguiente link: <a href=\"index.php\/noticias\/notas\/825-sma-dicta-ciclo-de-talleres-sobre-entidades-tecnicas\">http:\/\/www.sma.gob.cl\/index.php\/noticias\/notas\/825-sma-dicta-ciclo-de-talleres-sobre-entidades-tecnicas<\/a><\/p>\n<p style=\"text-align: justify;\">*Una vez finalizado el ciclo de charlas, se subir\u00e1n a la p\u00e1gina web de la SMA todas las presentaciones realizadas*.<\/p>\n<p style=\"text-align: justify;\"><img decoding=\"async\" class=\"size-auto size-full wp-image-16745\" src=\"https:\/\/portal.sma.gob.cl\/wp-content\/uploads\/2017\/06\/nota-taller_ANTOF-VALDIVIA.jpg\" alt=\"nota-taller ANTOF-VALDIVIA\" width=\"760\" height=\"360\" srcset=\"https:\/\/portal.sma.gob.cl\/wp-content\/uploads\/2017\/06\/nota-taller_ANTOF-VALDIVIA-200x95.jpg 200w, https:\/\/portal.sma.gob.cl\/wp-content\/uploads\/2017\/06\/nota-taller_ANTOF-VALDIVIA-300x142.jpg 300w, https:\/\/portal.sma.gob.cl\/wp-content\/uploads\/2017\/06\/nota-taller_ANTOF-VALDIVIA-400x189.jpg 400w, https:\/\/portal.sma.gob.cl\/wp-content\/uploads\/2017\/06\/nota-taller_ANTOF-VALDIVIA-600x284.jpg 600w, https:\/\/portal.sma.gob.cl\/wp-content\/uploads\/2017\/06\/nota-taller_ANTOF-VALDIVIA.jpg 760w\" sizes=\"(max-width: 760px) 100vw, 760px\" \/><\/p>\n","protected":false},"excerpt":{"rendered":"<p>En total, m\u00e1s de 80 personas se capacitaron respecto de los Sistemas para Entidades T\u00e9cnicas de Fiscalizaci\u00f3n Ambiental (ETFA) y Certificaci\u00f3n Ambiental (ETCA).<\/p>\n","protected":false},"author":3,"featured_media":16744,"comment_status":"open","ping_status":"open","sticky":false,"template":"","format":"standard","meta":{"footnotes":""},"categories":[94],"tags":[],"class_list":["post-16747","post","type-post","status-publish","format-standard","has-post-thumbnail","hentry","category-notas-noticias"],"_links":{"self":[{"href":"https:\/\/portal.sma.gob.cl\/index.php\/wp-json\/wp\/v2\/posts\/16747","targetHints":{"allow":["GET"]}}],"collection":[{"href":"https:\/\/portal.sma.gob.cl\/index.php\/wp-json\/wp\/v2\/posts"}],"about":[{"href":"https:\/\/portal.sma.gob.cl\/index.php\/wp-json\/wp\/v2\/types\/post"}],"author":[{"embeddable":true,"href":"https:\/\/portal.sma.gob.cl\/index.php\/wp-json\/wp\/v2\/users\/3"}],"replies":[{"embeddable":true,"href":"https:\/\/portal.sma.gob.cl\/index.php\/wp-json\/wp\/v2\/comments?post=16747"}],"version-history":[{"count":0,"href":"https:\/\/portal.sma.gob.cl\/index.php\/wp-json\/wp\/v2\/posts\/16747\/revisions"}],"wp:featuredmedia":[{"embeddable":true,"href":"https:\/\/portal.sma.gob.cl\/index.php\/wp-json\/wp\/v2\/media\/16744"}],"wp:attachment":[{"href":"https:\/\/portal.sma.gob.cl\/index.php\/wp-json\/wp\/v2\/media?parent=16747"}],"wp:term":[{"taxonomy":"category","embeddable":true,"href":"https:\/\/portal.sma.gob.cl\/index.php\/wp-json\/wp\/v2\/categories?post=16747"},{"taxonomy":"post_tag","embeddable":true,"href":"https:\/\/portal.sma.gob.cl\/index.php\/wp-json\/wp\/v2\/tags?post=16747"}],"curies":[{"name":"wp","href":"https:\/\/api.w.org\/{rel}","templated":true}]}}