{"id":16749,"date":"2017-06-27T17:01:00","date_gmt":"2017-06-27T17:01:00","guid":{"rendered":"https:\/\/portal.sma.gob.cl\/index.php\/2017\/06\/27\/iquique-gran-asistencia-a-taller-sobre-etfa\/"},"modified":"2017-06-27T17:01:00","modified_gmt":"2017-06-27T17:01:00","slug":"iquique-gran-asistencia-a-taller-sobre-etfa","status":"publish","type":"post","link":"https:\/\/portal.sma.gob.cl\/index.php\/iquique-gran-asistencia-a-taller-sobre-etfa\/","title":{"rendered":"IQUIQUE: Gran asistencia a taller sobre ETFA"},"content":{"rendered":"<p style=\"text-align: justify;\"><strong><img decoding=\"async\" class=\"size-auto size-full wp-image-16748\" src=\"https:\/\/portal.sma.gob.cl\/wp-content\/uploads\/2017\/06\/NOTA-taller_Iquique.jpg\" alt=\"NOTA-taller Iquique\" width=\"760\" height=\"360\" srcset=\"https:\/\/portal.sma.gob.cl\/wp-content\/uploads\/2017\/06\/NOTA-taller_Iquique-200x95.jpg 200w, https:\/\/portal.sma.gob.cl\/wp-content\/uploads\/2017\/06\/NOTA-taller_Iquique-300x142.jpg 300w, https:\/\/portal.sma.gob.cl\/wp-content\/uploads\/2017\/06\/NOTA-taller_Iquique-400x189.jpg 400w, https:\/\/portal.sma.gob.cl\/wp-content\/uploads\/2017\/06\/NOTA-taller_Iquique-600x284.jpg 600w, https:\/\/portal.sma.gob.cl\/wp-content\/uploads\/2017\/06\/NOTA-taller_Iquique.jpg 760w\" sizes=\"(max-width: 760px) 100vw, 760px\" \/><\/strong><\/p>\n<p style=\"text-align: justify;\"><strong>Esta semana continuar\u00e1n los talleres sobre el nuevo sistema de Entidades de Fiscalizaci\u00f3n y Certificaci\u00f3n Ambiental en Puerto Montt y Copiap\u00f3. En julio se realizar\u00e1n en Santiago y Valpara\u00edso.<\/strong><\/p>\n<p>  <!--more-->  <\/p>\n<p style=\"text-align: justify;\"><strong>Iquique, 23 de junio de 2017.<\/strong> Esta ma\u00f1ana se llev\u00f3 a cabo el Taller Sobre Entidades de Fiscalizaci\u00f3n Ambiental (ETFA) y Certificaci\u00f3n Ambiental (ETCA) realizado en la ciudad de Iquique. Dichas instancias tienen como objetivo principal dar a conocer los requisitos para autorizaci\u00f3n como ETFA y ETCA, los campos de aplicaci\u00f3n y los modelos de operaci\u00f3n de ambos sistemas, y las directrices actualmente vigentes que aplican a cada uno, entre otros temas relevantes.<br \/>En la ciudad de Iquique se contabilizaron 51 participantes. La actividad comenz\u00f3 con palabras del Jefe de la Oficina Regional, Boris Cerda, quien agradeci\u00f3 la participaci\u00f3n y el inter\u00e9s de empresas reguladas por la SMA, as\u00ed como tambi\u00e9n en empresas interesadas en convertirse en ETFA o ETCA. \u201cEstas instancias nos permiten llegar a la comunidad regulada desde nuestro compromiso que es promover el cumplimiento ambiental. Adem\u00e1s, quisiera destacar que \u00e9ste es el primer taller de asistencia a regulados que realiza esta oficina regional que lleva un a\u00f1o de operaci\u00f3n\u201d, sostuvo. <br \/>En la oportunidad expusieron sobre el Sistema la Jefa de la Secci\u00f3n de Terceros, M\u00f3nica Vergara, y la abogada de Fiscal\u00eda de la SMA, Mar\u00eda Graciela Veas. Al t\u00e9rmino de la jornada se dispuso de un m\u00f3dulo de consultas para los asistentes, entre los que se contaban profesionales del \u00e1rea ambiental de empresas reguladas, universidades y particulares de la Regi\u00f3n de Tarapac\u00e1.<br \/>Durante esta semana se realizar\u00e1n este tipo de actividades en Puerto Montt y Copiap\u00f3. En el mes de julio se realizar\u00e1n en Santiago y Valpara\u00edso.<br \/>Cabe destacar que estos talleres est\u00e1n dirigidos a interesados en autorizarse como Entidad T\u00e9cnica, as\u00ed como tambi\u00e9n para regulados y titulares de proyectos vinculados a las entidades t\u00e9cnicas. Para obtener informaci\u00f3n sobre los pr\u00f3ximos talleres del ciclo, acceder al siguiente link: <a href=\"index.php\/noticias\/notas\/825-sma-dicta-ciclo-de-talleres-sobre-entidades-tecnicas\">http:\/\/www.sma.gob.cl\/index.php\/noticias\/notas\/825-sma-dicta-ciclo-de-talleres-sobre-entidades-tecnicas<\/a> <br \/>*Una vez finalizado el ciclo de charlas, se subir\u00e1n a la p\u00e1gina web de la SMA todas las presentaciones realizadas*.<\/p>\n","protected":false},"excerpt":{"rendered":"<p>Esta semana continuar\u00e1n los talleres sobre el nuevo sistema de Entidades de Fiscalizaci\u00f3n y Certificaci\u00f3n Ambiental en Puerto Montt y Copiap\u00f3. En julio se realizar\u00e1n en Santiago y Valpara\u00edso.<\/p>\n","protected":false},"author":3,"featured_media":16748,"comment_status":"open","ping_status":"open","sticky":false,"template":"","format":"standard","meta":{"footnotes":""},"categories":[94],"tags":[],"class_list":["post-16749","post","type-post","status-publish","format-standard","has-post-thumbnail","hentry","category-notas-noticias"],"_links":{"self":[{"href":"https:\/\/portal.sma.gob.cl\/index.php\/wp-json\/wp\/v2\/posts\/16749","targetHints":{"allow":["GET"]}}],"collection":[{"href":"https:\/\/portal.sma.gob.cl\/index.php\/wp-json\/wp\/v2\/posts"}],"about":[{"href":"https:\/\/portal.sma.gob.cl\/index.php\/wp-json\/wp\/v2\/types\/post"}],"author":[{"embeddable":true,"href":"https:\/\/portal.sma.gob.cl\/index.php\/wp-json\/wp\/v2\/users\/3"}],"replies":[{"embeddable":true,"href":"https:\/\/portal.sma.gob.cl\/index.php\/wp-json\/wp\/v2\/comments?post=16749"}],"version-history":[{"count":0,"href":"https:\/\/portal.sma.gob.cl\/index.php\/wp-json\/wp\/v2\/posts\/16749\/revisions"}],"wp:featuredmedia":[{"embeddable":true,"href":"https:\/\/portal.sma.gob.cl\/index.php\/wp-json\/wp\/v2\/media\/16748"}],"wp:attachment":[{"href":"https:\/\/portal.sma.gob.cl\/index.php\/wp-json\/wp\/v2\/media?parent=16749"}],"wp:term":[{"taxonomy":"category","embeddable":true,"href":"https:\/\/portal.sma.gob.cl\/index.php\/wp-json\/wp\/v2\/categories?post=16749"},{"taxonomy":"post_tag","embeddable":true,"href":"https:\/\/portal.sma.gob.cl\/index.php\/wp-json\/wp\/v2\/tags?post=16749"}],"curies":[{"name":"wp","href":"https:\/\/api.w.org\/{rel}","templated":true}]}}