{"id":16759,"date":"2017-07-10T19:30:21","date_gmt":"2017-07-10T19:30:21","guid":{"rendered":"https:\/\/portal.sma.gob.cl\/index.php\/2017\/07\/10\/superintendente-participa-en-reunion-de-coordinacion-del-pda-del-valle-central\/"},"modified":"2017-07-10T19:30:21","modified_gmt":"2017-07-10T19:30:21","slug":"superintendente-participa-en-reunion-de-coordinacion-del-pda-del-valle-central","status":"publish","type":"post","link":"https:\/\/portal.sma.gob.cl\/index.php\/superintendente-participa-en-reunion-de-coordinacion-del-pda-del-valle-central\/","title":{"rendered":"Superintendente participa en reuni\u00f3n de coordinaci\u00f3n del PDA del Valle Central"},"content":{"rendered":"<p style=\"text-align: justify;\"><strong><img decoding=\"async\" class=\"size-auto size-full wp-image-16758\" src=\"https:\/\/portal.sma.gob.cl\/wp-content\/uploads\/2017\/07\/NOTA-TALLER-RANCAGUA.jpg\" alt=\"NOTA-TALLER-RANCAGUA\" width=\"760\" height=\"360\" srcset=\"https:\/\/portal.sma.gob.cl\/wp-content\/uploads\/2017\/07\/NOTA-TALLER-RANCAGUA-200x95.jpg 200w, https:\/\/portal.sma.gob.cl\/wp-content\/uploads\/2017\/07\/NOTA-TALLER-RANCAGUA-300x142.jpg 300w, https:\/\/portal.sma.gob.cl\/wp-content\/uploads\/2017\/07\/NOTA-TALLER-RANCAGUA-400x189.jpg 400w, https:\/\/portal.sma.gob.cl\/wp-content\/uploads\/2017\/07\/NOTA-TALLER-RANCAGUA-600x284.jpg 600w, https:\/\/portal.sma.gob.cl\/wp-content\/uploads\/2017\/07\/NOTA-TALLER-RANCAGUA.jpg 760w\" sizes=\"(max-width: 760px) 100vw, 760px\" \/><\/strong><\/p>\n<p style=\"text-align: justify;\"><strong>En la Oficina Regional de Rancagua se llev\u00f3 a cabo una reuni\u00f3n para evaluar las medidas del plan de descontaminaci\u00f3n y su fiscalizaci\u00f3n.<\/strong><\/p>\n<p>  <!--more-->  <\/p>\n<p style=\"text-align: justify;\"><strong>Rancagua, 06 de julio de 2017.<\/strong> Esta ma\u00f1ana se llev\u00f3 a cabo en la Oficina Regional de la SMA en Rancagua una reuni\u00f3n para evaluar las medidas y el estado de avance 2017, contempladas en el Plan de Descontaminaci\u00f3n del Valle Central, especialmente en el per\u00edodo de Gesti\u00f3n de Episodios Cr\u00edticos (GEC), que comprende desde el 1 de abril al 31 de agosto.<\/p>\n<p style=\"text-align: justify;\">En la reuni\u00f3n particip\u00f3 el Subsecretario del Medio Ambiente, Jorge Canals; el Superintendente del Medio Ambiente, Cristi\u00e1n Franz; el jefe regional de la SMA, Santiago Pinedo; la Seremi de Medio Ambiente, Giovanna Amaya y el director regional del SEA (S), Pedro Pablo Miranda.<\/p>\n<p style=\"text-align: justify;\">Cabe destacar que el Valle Central contempla medidas que se aplican en las 17 comunas de la VI Regi\u00f3n declaradas zona saturada, como Rancagua, Mostazal, Machal\u00ed, San Fernando, entre otras, donde vive el 78% de la poblaci\u00f3n total de la regi\u00f3n. En esta zona, m\u00e1s del 70% de las emisiones de material particulado, corresponden a la combusti\u00f3n de le\u00f1a, por lo que las medidas apuntan fuertemente a una mejor gesti\u00f3n de este combustible a nivel ciudadano.<\/p>\n<p style=\"text-align: justify;\">La SMA, a trav\u00e9s de un Programa de Fiscalizaci\u00f3n anual, fiscaliza, sanciona y verifica las actividades de seguimientos de la implementaci\u00f3n del PDA, en base a los registros y reportes que entregan los organismos que participan en la ejecuci\u00f3n de las medidas, mediante el ejercicio de sus propias atribuciones legales.<\/p>\n<p style=\"text-align: justify;\">Entre las labores que realizan distintos servicios p\u00fablicos en el marco del PDA est\u00e1n:<br \/>\u2022 Seremi de Salud: Fiscaliza a los hogares con humos visibles en todo el per\u00edodo GEC, donde se proh\u00edbe el uso de chimeneas de hogar abierto. Durante los d\u00edas en que se decreta alerta, pre-emergencia y emergencia ambiental, verifica que s\u00f3lo se utilicen calefactores a le\u00f1a que cuenten con la certificaci\u00f3n de la Superintendencia de Electricidad y Combustible (SEC).<br \/>\u2022 CONAF y SAG: realiza el control de emisiones asociado a quemas agr\u00edcolas y forestales<br \/>\u2022 Vivienda y urbanismo: Regulaci\u00f3n para el mejoramiento de la eficiencia t\u00e9rmica de las viviendas.<br \/>\u2022 Seremi Medio Ambiente: Implementaci\u00f3n del programa de recambio de calefactores (cuyo plazo para postular vence el pr\u00f3ximo 10 de julio)<br \/>\u2022 SMA: Fiscaliza el comercio de le\u00f1a, especialmente que el comerciante de le\u00f1a cuente con xilohigr\u00f3metro, con la tabla de conversi\u00f3n de volumen; le\u00f1a con menos de 25% de humedad; y tambi\u00e9n fiscaliza el control de emisiones industriales de las fuentes fijas, a calderas, fundiciones, secadoras de grano y semilla, entre otros.<\/p>\n<p style=\"text-align: justify;\">\u201cRespecto a las acciones que la SMA realiza directamente, este 2017 se han comprometido 80 actividades de fiscalizaci\u00f3n, realizando a la fecha m\u00e1s de la mitad de lo comprometido. Estamos avanzando en buen pie\u201d, sostuvo el Superintendente, Cristi\u00e1n Franz. El titular de la SMA tambi\u00e9n recalc\u00f3 que el organismo cuenta con un convenio de colaboraci\u00f3n con la Municipalidad de Machal\u00ed, quien fiscaliza el comercio de le\u00f1a en dicha comuna, tras recibir capacitaci\u00f3n de la Superintendencia. \u201cTodos tenemos que contribuir a que las medidas se implementen, y este tipo de convenios con los municipios, nos ayuda a expandir la acci\u00f3n fiscalizadora del estado\u201d, sostuvo.<\/p>\n","protected":false},"excerpt":{"rendered":"<p>En la Oficina Regional de Rancagua se llev\u00f3 a cabo una reuni\u00f3n para evaluar las medidas del plan de descontaminaci\u00f3n y su fiscalizaci\u00f3n.<\/p>\n","protected":false},"author":3,"featured_media":16758,"comment_status":"open","ping_status":"open","sticky":false,"template":"","format":"standard","meta":{"footnotes":""},"categories":[94],"tags":[],"class_list":["post-16759","post","type-post","status-publish","format-standard","has-post-thumbnail","hentry","category-notas-noticias"],"_links":{"self":[{"href":"https:\/\/portal.sma.gob.cl\/index.php\/wp-json\/wp\/v2\/posts\/16759","targetHints":{"allow":["GET"]}}],"collection":[{"href":"https:\/\/portal.sma.gob.cl\/index.php\/wp-json\/wp\/v2\/posts"}],"about":[{"href":"https:\/\/portal.sma.gob.cl\/index.php\/wp-json\/wp\/v2\/types\/post"}],"author":[{"embeddable":true,"href":"https:\/\/portal.sma.gob.cl\/index.php\/wp-json\/wp\/v2\/users\/3"}],"replies":[{"embeddable":true,"href":"https:\/\/portal.sma.gob.cl\/index.php\/wp-json\/wp\/v2\/comments?post=16759"}],"version-history":[{"count":0,"href":"https:\/\/portal.sma.gob.cl\/index.php\/wp-json\/wp\/v2\/posts\/16759\/revisions"}],"wp:featuredmedia":[{"embeddable":true,"href":"https:\/\/portal.sma.gob.cl\/index.php\/wp-json\/wp\/v2\/media\/16758"}],"wp:attachment":[{"href":"https:\/\/portal.sma.gob.cl\/index.php\/wp-json\/wp\/v2\/media?parent=16759"}],"wp:term":[{"taxonomy":"category","embeddable":true,"href":"https:\/\/portal.sma.gob.cl\/index.php\/wp-json\/wp\/v2\/categories?post=16759"},{"taxonomy":"post_tag","embeddable":true,"href":"https:\/\/portal.sma.gob.cl\/index.php\/wp-json\/wp\/v2\/tags?post=16759"}],"curies":[{"name":"wp","href":"https:\/\/api.w.org\/{rel}","templated":true}]}}