{"id":16763,"date":"2017-07-13T17:15:47","date_gmt":"2017-07-13T17:15:47","guid":{"rendered":"https:\/\/portal.sma.gob.cl\/index.php\/2017\/07\/13\/sma-inaugura-su-oficina-regional-de-aysen\/"},"modified":"2017-07-13T17:15:47","modified_gmt":"2017-07-13T17:15:47","slug":"sma-inaugura-su-oficina-regional-de-aysen","status":"publish","type":"post","link":"https:\/\/portal.sma.gob.cl\/index.php\/sma-inaugura-su-oficina-regional-de-aysen\/","title":{"rendered":"SMA inaugura su Oficina Regional de Ays\u00e9n"},"content":{"rendered":"<p style=\"text-align: center;\" align=\"center\"><strong><img decoding=\"async\" class=\"size-auto size-full wp-image-16762\" src=\"https:\/\/portal.sma.gob.cl\/wp-content\/uploads\/2017\/07\/OficinaAysenInaguracion.png\" alt=\"OficinaAysenInaguracion\" width=\"680\" height=\"375\" srcset=\"https:\/\/portal.sma.gob.cl\/wp-content\/uploads\/2017\/07\/OficinaAysenInaguracion-200x110.png 200w, https:\/\/portal.sma.gob.cl\/wp-content\/uploads\/2017\/07\/OficinaAysenInaguracion-300x165.png 300w, https:\/\/portal.sma.gob.cl\/wp-content\/uploads\/2017\/07\/OficinaAysenInaguracion-400x221.png 400w, https:\/\/portal.sma.gob.cl\/wp-content\/uploads\/2017\/07\/OficinaAysenInaguracion-600x331.png 600w, https:\/\/portal.sma.gob.cl\/wp-content\/uploads\/2017\/07\/OficinaAysenInaguracion.png 680w\" sizes=\"(max-width: 680px) 100vw, 680px\" \/><\/strong><\/p>\n<p style=\"text-align: justify;\" align=\"center\"><strong>Siguiendo con su despliegue regional, la SMA abri\u00f3 su d\u00e9cima primera oficina en la capital regional.<\/strong><\/p>\n<p>  <!--more-->  <\/p>\n<p>&nbsp;<\/p>\n<p style=\"text-align: justify;\"><strong>Coyhaique, 13 de julio de 2017. <\/strong>El Superintendente del Medio Ambiente, Cristi\u00e1n Franz, inaugur\u00f3 este mediod\u00eda la d\u00e9cimo primera oficina regional de la Superintendencia del Medio Ambiente en Coyhaique, capital de la Regi\u00f3n de Ays\u00e9n del General Carlos Ib\u00e1\u00f1ez del Campo. A la ceremonia asistieron el Gobernador de Coyhaique, Cristi\u00e1n L\u00f3pez; el Comandante de la Guarnici\u00f3n Naval, Yerko Cattarinich; la Seremi de Medio Ambiente, Susana Figueroa; el Seremi de Obras P\u00fablicas, Marcio Villauta; el Seremi de Econom\u00eda, Mark Buscaglia, entre otras autoridades de la regi\u00f3n.<\/p>\n<p style=\"text-align: justify;\">\u201cHoy estamos dando un gran paso para nuestra instituci\u00f3n y un gran paso para esta Regi\u00f3n. Hoy estamos materializando el compromiso establecido en el programa de Gobierno de la Presidenta de la Rep\u00fablica, Michelle Bachelet, respecto de la instalaci\u00f3n de la SMA en todas las regiones del pa\u00eds\u201d, dijo Franz al inaugurar el evento.<\/p>\n<p style=\"text-align: justify;\">Tambi\u00e9n recalc\u00f3 que la acci\u00f3n fiscalizadora y sancionadora de la SMA est\u00e1 presente en la regi\u00f3n desde 2013, sin embargo, hasta la fecha exist\u00eda s\u00f3lo un fiscalizador que era apoyado por la oficina macro zona sur, ubicada en Valdivia, por lo que la instalaci\u00f3n de una oficina regional permite un mejor despliegue de la Superintendencia.<\/p>\n<p style=\"text-align: justify;\">\u201cUna oficina en la regi\u00f3n les permite a los vecinos de Coyhaique y sus alrededores acercarse a la SMA, no s\u00f3lo a hacer denuncias, sino a informarse de nuestro actuar fiscalizador y sancionador. Obviamente, tambi\u00e9n es un lugar donde empresas y sus representantes encontrar\u00e1n asistencia al cumplimiento, pues ustedes ya saben que una de nuestras labores principales es esa: difundir el actuar de la SMA y que las empresas sepan c\u00f3mo ir cumpliendo sus compromisos ambientales\u201d, dijo el Superintendente.<\/p>\n<p style=\"text-align: justify;\">En la oportunidad, se present\u00f3 a \u00d3scar Leal, el nuevo jefe de la oficina regional. Leal es ingeniero Civil Qu\u00edmico de la Universidad de Concepci\u00f3n y se desempe\u00f1a en la Superintendencia hace seis a\u00f1os. La nueva oficina estar\u00e1 dem\u00e1s conformada por dos fiscalizadores y una administrativo. La direcci\u00f3n de la oficina regional es <strong>Calle Veintiuno de Mayo N\u00b0 702, esquina Ignacio Serrano, comuna de Coyhaique.<\/strong><\/p>\n<p style=\"text-align: justify;\">&nbsp;<\/p>\n<p style=\"text-align: justify;\"><strong><span style=\"font-size: 12pt;\">Actividades de la SMA en la regi\u00f3n<\/span><\/strong><\/p>\n<p style=\"text-align: justify;\"> La Regi\u00f3n de Ays\u00e9n cuenta con 1.373 Unidades Fiscalizables, definidas como instalaciones reguladas por uno o m\u00e1s instrumentos de gesti\u00f3n ambiental de competencia de la SMA. El sector econ\u00f3mico \u201cpesca y acuicultura\u201d concentra el 86% de los permisos ambientales de la regi\u00f3n. Mucho m\u00e1s abajo se encuentra \u201cequipamiento\u201d o \u201csaneamiento ambiental\u201d<\/p>\n<p style=\"text-align: justify;\">Desde que comenz\u00f3 sus operaciones en 2013, hasta la fecha, la SMA ha iniciado 20 procesos sancionatorios en la regi\u00f3n, entre los que destacan procesos contra el sector salmonero, en el 70% de los casos. \u201cObviamente en este caso, hay una correlaci\u00f3n entre el n\u00famero total de permisos ambientales y la cantidad de procesos sancionatorios del sector acu\u00edcola. Ac\u00e1 quisiera hacer un llamado a las empresas: los titulares de proyecto son los primeros llamados a asegurar el cumplimiento de la normativa, ejecutando sus actividades con estricto apego a las medidas de sus RCA como la base de su conducta. Ojal\u00e1 veamos a\u00f1o a a\u00f1o una mejora en las cifras de esta industria\u201d, afirm\u00f3 Franz.<\/p>\n<p style=\"text-align: justify;\">En la regi\u00f3n, a nivel de denuncias, m\u00e1s del 50% de ellas se relaciona con ruidos molestos provenientes de diferentes fuentes. \u201cSin duda que la fiscalizaci\u00f3n del D.S. 38 de 2011, que regula los niveles permisibles de presi\u00f3n sonora, es un gran desaf\u00edo a nivel pa\u00eds, ya que en muchos casos no s\u00f3lo est\u00e1 involucrada la regulaci\u00f3n ambiental, sino que hay vac\u00edos de planos reguladores, de permisos municipales, entre otros\u201d, dijo el Superintendente. En ese sentido, anunci\u00f3 las recientes aperturas de dos procesos sancionatorios contra pubs ubicados en el centro de Coyhaique, por superar la norma de ruidos en horario nocturno.<\/p>\n","protected":false},"excerpt":{"rendered":"<p>Siguiendo con su despliegue regional, la SMA abri\u00f3 su d\u00e9cima primera oficina en la capital regional.<\/p>\n","protected":false},"author":3,"featured_media":16762,"comment_status":"open","ping_status":"open","sticky":false,"template":"","format":"standard","meta":{"footnotes":""},"categories":[90],"tags":[],"class_list":["post-16763","post","type-post","status-publish","format-standard","has-post-thumbnail","hentry","category-comunicados-noticias"],"_links":{"self":[{"href":"https:\/\/portal.sma.gob.cl\/index.php\/wp-json\/wp\/v2\/posts\/16763","targetHints":{"allow":["GET"]}}],"collection":[{"href":"https:\/\/portal.sma.gob.cl\/index.php\/wp-json\/wp\/v2\/posts"}],"about":[{"href":"https:\/\/portal.sma.gob.cl\/index.php\/wp-json\/wp\/v2\/types\/post"}],"author":[{"embeddable":true,"href":"https:\/\/portal.sma.gob.cl\/index.php\/wp-json\/wp\/v2\/users\/3"}],"replies":[{"embeddable":true,"href":"https:\/\/portal.sma.gob.cl\/index.php\/wp-json\/wp\/v2\/comments?post=16763"}],"version-history":[{"count":0,"href":"https:\/\/portal.sma.gob.cl\/index.php\/wp-json\/wp\/v2\/posts\/16763\/revisions"}],"wp:featuredmedia":[{"embeddable":true,"href":"https:\/\/portal.sma.gob.cl\/index.php\/wp-json\/wp\/v2\/media\/16762"}],"wp:attachment":[{"href":"https:\/\/portal.sma.gob.cl\/index.php\/wp-json\/wp\/v2\/media?parent=16763"}],"wp:term":[{"taxonomy":"category","embeddable":true,"href":"https:\/\/portal.sma.gob.cl\/index.php\/wp-json\/wp\/v2\/categories?post=16763"},{"taxonomy":"post_tag","embeddable":true,"href":"https:\/\/portal.sma.gob.cl\/index.php\/wp-json\/wp\/v2\/tags?post=16763"}],"curies":[{"name":"wp","href":"https:\/\/api.w.org\/{rel}","templated":true}]}}