{"id":16769,"date":"2017-07-20T20:40:47","date_gmt":"2017-07-20T20:40:47","guid":{"rendered":"https:\/\/portal.sma.gob.cl\/index.php\/2017\/07\/20\/sma-realiza-fiscalizaciones-por-el-pda-de-osorno\/"},"modified":"2017-07-20T20:40:47","modified_gmt":"2017-07-20T20:40:47","slug":"sma-realiza-fiscalizaciones-por-el-pda-de-osorno","status":"publish","type":"post","link":"https:\/\/portal.sma.gob.cl\/index.php\/sma-realiza-fiscalizaciones-por-el-pda-de-osorno\/","title":{"rendered":"SMA realiza fiscalizaciones por el PDA de Osorno"},"content":{"rendered":"<p style=\"text-align: justify;\"><strong><img decoding=\"async\" class=\"size-auto size-full wp-image-16768\" src=\"https:\/\/portal.sma.gob.cl\/wp-content\/uploads\/2017\/07\/NOTA-fiscalizaci%C3%B3n_osorno.jpg\" alt=\"NOTA-fiscalizaci\u00f3n osorno\" width=\"760\" height=\"360\" \/><\/strong><\/p>\n<p style=\"text-align: justify;\"><strong>M\u00e1s de 60 actividades se han realizado en establecimientos industriales, comerciales y servicios p\u00fablicos, que deben cumplir con la nueva normativa que busca mejorar la calidad del aire en Osorno.<\/strong><\/p>\n<p>  <!--more-->  <\/p>\n<p style=\"text-align: justify;\"><strong>Mi\u00e9rcoles, 19 de julio de 2017. <\/strong>Este mi\u00e9rcoles se llev\u00f3 a cabo una nueva jornada de fiscalizaci\u00f3n a las disposiciones que establece el Plan de Descontaminaci\u00f3n Atmosf\u00e9rica (PDA) de Osorno (DS N\u00b047\/2015), el cual contempla m\u00faltiples medidas para reducir la contaminaci\u00f3n que se produce en la ciudad principalmente en el per\u00edodo invernal asociada, en su gran mayor\u00eda, a la combusti\u00f3n residencial de le\u00f1a h\u00fameda.<\/p>\n<p style=\"text-align: justify;\">Entre las medidas que la Superintendencia del Medio Ambiente (SMA) debe fiscalizar, se encuentran el control de emisiones atmosf\u00e9ricas para calderas, la prohibici\u00f3n de uso de chimeneas hogar abierto y la prohibici\u00f3n del uso de artefactos a le\u00f1a en establecimientos comerciales. Estas medidas se deben cumplir durante todo el periodo de vigencia del Plan, y durante todo el a\u00f1o.<\/p>\n<p style=\"text-align: justify;\">En el centro de la ciudad, se llev\u00f3 a cabo una inspecci\u00f3n al Hotel Garc\u00eda Hurtado de Mendoza, en la que particip\u00f3 la Jefa de la Oficina Regional de Los Lagos, Ivonne Mansilla, junto al Seremi de Medio Ambiente de la Regi\u00f3n, Jorge Pasminio. En este caso particular, explic\u00f3 Mansilla, en la inspecci\u00f3n se verificaron las condiciones de operaci\u00f3n, caracter\u00edsticas t\u00e9cnicas, documentos del registro de las calderas entre otros, d\u00e1ndole a conocer adem\u00e1s, al representante de la actividad que deber\u00e1 cumplir el l\u00edmite m\u00e1ximo de emisi\u00f3n para material particulado, establecido en el Plan. \u201cEstas fiscalizaciones buscan promover el cumplimiento de las empresas, pues las estamos realizando antes que entren en vigencia por del PDA, lo que les da tiempo de calcular su potencia t\u00e9rmica y realizar sus mediciones para cumplir, antes de marzo de 2019\u201d, afirm\u00f3. <br \/>El plan contempla un l\u00edmite de emisiones establecido en 50 mg\/Nm3 para las calderas nuevas con una potencia t\u00e9rmica menor a los 75 KWt. Para las calderas existentes, que operan antes del 28 de marzo de 2017, existe un plazo hasta el 28 de marzo de 2019 para que cumplan con el l\u00edmite m\u00e1ximo de emisi\u00f3n.<br \/>A la fecha, la Oficina de Los Lagos han realizado m\u00e1s de 60 actividades de fiscalizaci\u00f3n. De ellas, 46 corresponden al control de emisiones atmosf\u00e9ricas para calderas en diversos establecimientos (edificios residenciales, industrias, establecimientos de educaci\u00f3n, establecimientos de salud privados y p\u00fablicos, bancos, etc.).<\/p>\n<p style=\"text-align: justify;\">Por otro lado, se han realizado 20 actividades relacionadas con la medida que establece la prohibici\u00f3n de uso de chimeneas hogar abierto en establecimientos p\u00fablicos y privados, donde se han inspeccionado restaurantes, oficinas p\u00fablicas, establecimientos de educaci\u00f3n, entre otros. La prohibici\u00f3n del uso de artefactos a le\u00f1a en establecimientos comerciales se iniciar\u00e1 a partir de septiembre 2017, fecha en que esta medida entra en vigencia de acuerdo al PDA de Osorno.<\/p>\n<p style=\"text-align: justify;\">Finalmente, Mansilla indic\u00f3 que: \u201cEstas actividades inspectivas han tenido tambi\u00e9n un car\u00e1cter de promoci\u00f3n, ya que el cumplimiento de todas estas medidas ayudar\u00e1 a mejorar la calidad de aire de la ciudad y a cumplir con el objetivo de la reducci\u00f3n de contaminantes establecidos en el Plan\u201d.<\/p>\n<p style=\"text-align: justify;\">Para mayor informaci\u00f3n del Plan de Descontaminaci\u00f3n de Osorno, visitar: <a href=\"http:\/\/www.pdao.cl\/\">http:\/\/www.pdao.cl\/<\/a><\/p>\n","protected":false},"excerpt":{"rendered":"<p>M\u00e1s de 60 actividades se han realizado en establecimientos industriales, comerciales y servicios p\u00fablicos, que deben cumplir con la nueva normativa que busca mejorar la calidad del aire en Osorno.<\/p>\n","protected":false},"author":3,"featured_media":16768,"comment_status":"open","ping_status":"open","sticky":false,"template":"","format":"standard","meta":{"footnotes":""},"categories":[94],"tags":[],"class_list":["post-16769","post","type-post","status-publish","format-standard","has-post-thumbnail","hentry","category-notas-noticias"],"_links":{"self":[{"href":"https:\/\/portal.sma.gob.cl\/index.php\/wp-json\/wp\/v2\/posts\/16769","targetHints":{"allow":["GET"]}}],"collection":[{"href":"https:\/\/portal.sma.gob.cl\/index.php\/wp-json\/wp\/v2\/posts"}],"about":[{"href":"https:\/\/portal.sma.gob.cl\/index.php\/wp-json\/wp\/v2\/types\/post"}],"author":[{"embeddable":true,"href":"https:\/\/portal.sma.gob.cl\/index.php\/wp-json\/wp\/v2\/users\/3"}],"replies":[{"embeddable":true,"href":"https:\/\/portal.sma.gob.cl\/index.php\/wp-json\/wp\/v2\/comments?post=16769"}],"version-history":[{"count":0,"href":"https:\/\/portal.sma.gob.cl\/index.php\/wp-json\/wp\/v2\/posts\/16769\/revisions"}],"wp:featuredmedia":[{"embeddable":true,"href":"https:\/\/portal.sma.gob.cl\/index.php\/wp-json\/wp\/v2\/media\/16768"}],"wp:attachment":[{"href":"https:\/\/portal.sma.gob.cl\/index.php\/wp-json\/wp\/v2\/media?parent=16769"}],"wp:term":[{"taxonomy":"category","embeddable":true,"href":"https:\/\/portal.sma.gob.cl\/index.php\/wp-json\/wp\/v2\/categories?post=16769"},{"taxonomy":"post_tag","embeddable":true,"href":"https:\/\/portal.sma.gob.cl\/index.php\/wp-json\/wp\/v2\/tags?post=16769"}],"curies":[{"name":"wp","href":"https:\/\/api.w.org\/{rel}","templated":true}]}}