{"id":16771,"date":"2017-07-21T16:09:42","date_gmt":"2017-07-21T16:09:42","guid":{"rendered":"https:\/\/portal.sma.gob.cl\/index.php\/2017\/07\/21\/valparaiso-taller-de-capacitacion-para-miembros-de-la-red-nacional-de-fiscalizacion-ambiental\/"},"modified":"2017-07-21T16:09:42","modified_gmt":"2017-07-21T16:09:42","slug":"valparaiso-taller-de-capacitacion-para-miembros-de-la-red-nacional-de-fiscalizacion-ambiental","status":"publish","type":"post","link":"https:\/\/portal.sma.gob.cl\/index.php\/valparaiso-taller-de-capacitacion-para-miembros-de-la-red-nacional-de-fiscalizacion-ambiental\/","title":{"rendered":"VALPARA\u00cdSO: Taller de capacitaci\u00f3n para miembros de la Red Nacional de Fiscalizaci\u00f3n Ambiental"},"content":{"rendered":"<p style=\"text-align: justify;\">&nbsp;<img decoding=\"async\" class=\"size-auto size-full wp-image-16770\" src=\"https:\/\/portal.sma.gob.cl\/wp-content\/uploads\/2017\/07\/nota-tallerValpo.jpg\" alt=\"nota-tallerValpo\" width=\"760\" height=\"360\" srcset=\"https:\/\/portal.sma.gob.cl\/wp-content\/uploads\/2017\/07\/nota-tallerValpo-200x95.jpg 200w, https:\/\/portal.sma.gob.cl\/wp-content\/uploads\/2017\/07\/nota-tallerValpo-300x142.jpg 300w, https:\/\/portal.sma.gob.cl\/wp-content\/uploads\/2017\/07\/nota-tallerValpo-400x189.jpg 400w, https:\/\/portal.sma.gob.cl\/wp-content\/uploads\/2017\/07\/nota-tallerValpo-600x284.jpg 600w, https:\/\/portal.sma.gob.cl\/wp-content\/uploads\/2017\/07\/nota-tallerValpo.jpg 760w\" sizes=\"(max-width: 760px) 100vw, 760px\" \/><\/p>\n<p style=\"text-align: justify;\"><strong>Se analiz\u00f3 el Seguimiento Ambiental, a trav\u00e9s de casos de fiscalizaci\u00f3n y sanci\u00f3n.<\/strong><\/p>\n<p>  <!--more-->  <\/p>\n<p style=\"text-align: justify;\"><strong>Valpara\u00edso, 20 de julio de 2017.<\/strong> Este jueves se dieron cita los profesionales miembros de la Red Nacional de Fiscalizaci\u00f3n Ambiental (RENFA) de la Regi\u00f3n de Valpara\u00edso, en una jornada de capacitaci\u00f3n organizad por la Superintendencia del Medio Ambiente.<\/p>\n<p style=\"text-align: justify;\">En esta ocasi\u00f3n, participaron 25 funcionarios de los servicios p\u00fablicos miembro de la RENFA, provenientes de la SEREMI de Salud, Servicio Agr\u00edcola y Ganadero, Corporaci\u00f3n Nacional Forestal, Consejo de Monumentos Nacionales, Direcci\u00f3n de Vialidad, Direcci\u00f3n de Obras Hidr\u00e1ulicas, DIRECTEMAR, SERNAGEOMIN. Adicionalmente participaron profesionales del Servicio de Evaluaci\u00f3n Ambiental.<\/p>\n<p style=\"text-align: justify;\">El taller tuvo como tema central el Seguimiento Ambiental en el contexto de la Regi\u00f3n de Valpara\u00edso, a trav\u00e9s del an\u00e1lisis de casos de fiscalizaci\u00f3n y sanci\u00f3n en dicha materia, entrega de lineamientos para el an\u00e1lisis de reportes de seguimiento ambiental, todo en el marco del nuevo Sistema SMA-OS en proceso de implementaci\u00f3n.<br \/>En esta instancia de encuentro y di\u00e1logo participativo, los profesionales que realizan labores de fiscalizaci\u00f3n en los servicios p\u00fablicos analizaron oportunidades de mejora y desaf\u00edos en torno a la tem\u00e1tica del Seguimiento Ambiental. Tambi\u00e9n identificaron instancias de coordinaci\u00f3n y colaboraci\u00f3n, tanto a nivel de evaluaci\u00f3n como de fiscalizaci\u00f3n ambiental, que permitan abordar el Seguimiento en una perspectiva de mejora continua.<\/p>\n<p style=\"text-align: justify;\">Rodrigo Garc\u00eda, Jefe (S) de la Oficina Regi\u00f3n de Valpara\u00edso, se\u00f1al\u00f3 que en el marco de la Red Nacional de Fiscalizaci\u00f3n Ambiental (RENFA), en la Regi\u00f3n de Valpara\u00edso \u201clos talleres de fiscalizaci\u00f3n ambiental constituyen una instancia de encuentro, reflexi\u00f3n e identificaci\u00f3n constante de oportunidades de mejora, y que con respecto al tema que nos ha convocado este a\u00f1o, sin duda, los resultados obtenidos nos permitir\u00e1n fortalecer y desplegar una labor m\u00e1s eficiente en materia de seguimiento en el marco de la fiscalizaci\u00f3n ambiental estrat\u00e9gica que promueve nuestra instituci\u00f3n\u201d.<\/p>\n<p style=\"text-align: justify;\">Con la realizaci\u00f3n del taller de fiscalizaci\u00f3n en la Regi\u00f3n de Valpara\u00edso, se dio t\u00e9rmino al ciclo de capacitaciones regionales organizadas anualmente por la Superintendencia del Medio Ambiente.<\/p>\n","protected":false},"excerpt":{"rendered":"<p>&nbsp; Se analiz\u00f3 el Seguimiento Ambiental, a trav\u00e9s de casos de fiscalizaci\u00f3n y sanci\u00f3n.<\/p>\n","protected":false},"author":3,"featured_media":16770,"comment_status":"open","ping_status":"open","sticky":false,"template":"","format":"standard","meta":{"footnotes":""},"categories":[94],"tags":[],"class_list":["post-16771","post","type-post","status-publish","format-standard","has-post-thumbnail","hentry","category-notas-noticias"],"_links":{"self":[{"href":"https:\/\/portal.sma.gob.cl\/index.php\/wp-json\/wp\/v2\/posts\/16771","targetHints":{"allow":["GET"]}}],"collection":[{"href":"https:\/\/portal.sma.gob.cl\/index.php\/wp-json\/wp\/v2\/posts"}],"about":[{"href":"https:\/\/portal.sma.gob.cl\/index.php\/wp-json\/wp\/v2\/types\/post"}],"author":[{"embeddable":true,"href":"https:\/\/portal.sma.gob.cl\/index.php\/wp-json\/wp\/v2\/users\/3"}],"replies":[{"embeddable":true,"href":"https:\/\/portal.sma.gob.cl\/index.php\/wp-json\/wp\/v2\/comments?post=16771"}],"version-history":[{"count":0,"href":"https:\/\/portal.sma.gob.cl\/index.php\/wp-json\/wp\/v2\/posts\/16771\/revisions"}],"wp:featuredmedia":[{"embeddable":true,"href":"https:\/\/portal.sma.gob.cl\/index.php\/wp-json\/wp\/v2\/media\/16770"}],"wp:attachment":[{"href":"https:\/\/portal.sma.gob.cl\/index.php\/wp-json\/wp\/v2\/media?parent=16771"}],"wp:term":[{"taxonomy":"category","embeddable":true,"href":"https:\/\/portal.sma.gob.cl\/index.php\/wp-json\/wp\/v2\/categories?post=16771"},{"taxonomy":"post_tag","embeddable":true,"href":"https:\/\/portal.sma.gob.cl\/index.php\/wp-json\/wp\/v2\/tags?post=16771"}],"curies":[{"name":"wp","href":"https:\/\/api.w.org\/{rel}","templated":true}]}}