{"id":16775,"date":"2017-07-21T20:40:25","date_gmt":"2017-07-21T20:40:25","guid":{"rendered":"https:\/\/portal.sma.gob.cl\/index.php\/2017\/07\/21\/sma-recibe-visita-de-subsecretario-de-control-y-fiscalizacion-ambiental-de-argentina\/"},"modified":"2017-07-21T20:40:25","modified_gmt":"2017-07-21T20:40:25","slug":"sma-recibe-visita-de-subsecretario-de-control-y-fiscalizacion-ambiental-de-argentina","status":"publish","type":"post","link":"https:\/\/portal.sma.gob.cl\/index.php\/sma-recibe-visita-de-subsecretario-de-control-y-fiscalizacion-ambiental-de-argentina\/","title":{"rendered":"SMA recibe visita de subsecretario de Control y Fiscalizaci\u00f3n Ambiental de Argentina"},"content":{"rendered":"<p style=\"text-align: justify;\">&nbsp;<img decoding=\"async\" class=\"size-auto size-full wp-image-16774\" src=\"https:\/\/portal.sma.gob.cl\/wp-content\/uploads\/2017\/07\/NOTA-subsecretario_argentina.jpg\" alt=\"NOTA-subsecretario argentina\" width=\"760\" height=\"360\" srcset=\"https:\/\/portal.sma.gob.cl\/wp-content\/uploads\/2017\/07\/NOTA-subsecretario_argentina-200x95.jpg 200w, https:\/\/portal.sma.gob.cl\/wp-content\/uploads\/2017\/07\/NOTA-subsecretario_argentina-300x142.jpg 300w, https:\/\/portal.sma.gob.cl\/wp-content\/uploads\/2017\/07\/NOTA-subsecretario_argentina-400x189.jpg 400w, https:\/\/portal.sma.gob.cl\/wp-content\/uploads\/2017\/07\/NOTA-subsecretario_argentina-600x284.jpg 600w, https:\/\/portal.sma.gob.cl\/wp-content\/uploads\/2017\/07\/NOTA-subsecretario_argentina.jpg 760w\" sizes=\"(max-width: 760px) 100vw, 760px\" \/><\/p>\n<p style=\"text-align: justify;\"><strong>Profesionales de la Superintendencia explicaron el modelo de fiscalizaci\u00f3n, sanci\u00f3n y gesti\u00f3n de la informaci\u00f3n al personero argentino, proyecto que se enmarca en la cooperaci\u00f3n internacional suscrita a trav\u00e9s de la Red Sudamericana de Fiscalizaci\u00f3n y Cumplimiento Ambiental.<\/strong><\/p>\n<p>  <!--more-->  <\/p>\n<p style=\"text-align: justify;\"><strong>Santiago, 21 de julio de 2017.<\/strong> Esta ma\u00f1ana se recibi\u00f3 en dependencias de la Superintendencia del Medio Ambiente, la visita del subsecretario de Control y Fiscalizaci\u00f3n Ambiental y Prevenci\u00f3n de la Contaminaci\u00f3n de Argentina, Juan Trebino. Su presencia se enmarca dentro de los proyectos de cooperaci\u00f3n internacional de la SMA, y que se gestionan a trav\u00e9s de la Red Sudamericana de Fiscalizaci\u00f3n y Cumplimiento Ambiental (Redsufica), creada en Santiago el a\u00f1o 2013 y de la cual forman parte instituciones ambientales de Argentina, Brasil, Per\u00fa, Ecuador, Colombia y Chile.<\/p>\n<p style=\"text-align: justify;\">Trebino realiz\u00f3 una exposici\u00f3n respecto a c\u00f3mo se estructura el Ministerio de Ambiente y Desarrollo Sustentable de Argentina, el cual es dirigido por Sergio Alejandro Bergman, y se estructura con tres secretar\u00edas: control y monitoreo ambiental, de la cual depende la Subsecretar\u00eda de Control y Fiscalizaci\u00f3n Ambiental; la de coordinaci\u00f3n interjurisdiccional y la de pol\u00edtica ambiental y desarrollo sustentable.<\/p>\n<p style=\"text-align: justify;\">La Superintendenta (S), Marie Claude Plumer, dio la bienvenida a Trebino, y coment\u00f3 que por parte de la SMA se realizar\u00eda un taller con cuatro presentaciones, en los que se abordar\u00edan las principales funciones y potestades de la Superintendencia, adem\u00e1s de las formas de gestionar nuestros procesos como instituci\u00f3n fiscalizadora. Lo anterior, con la finalidad de presentar buenas pr\u00e1cticas en materia de fiscalizaci\u00f3n y sanci\u00f3n ambiental, y dar a conocer experiencias que puedan ser de utilidad para la Subsecretar\u00eda de Control y Fiscalizaci\u00f3n Ambiental y Prevenci\u00f3n de la Contaminaci\u00f3n de Argentina.&nbsp;<\/p>\n<p style=\"text-align: justify;\">La primera presentaci\u00f3n estuvo a cargo de Claudia Pastore e Iv\u00e1n Honorato de la Divisi\u00f3n de Fiscalizaci\u00f3n, quienes explicaron el modelo que aplica la SMA a la hora de planificar y ejecutar sus actividades. Tambi\u00e9n hicieron hincapi\u00e9 en el desarrollo de conceptos como \u201cUnidad Fiscalizable\u201d y la Fiscalizaci\u00f3n Ambiental Estrat\u00e9gica que aplica la SMA en el pa\u00eds.<br \/>Posteriormente, Plumer present\u00f3 el modelo sancionatorio de la SMA, presentando las particularidades del sistema, y las herramientas nuevas que introdujo la Ley Org\u00e1nica de la Superintendencia, como los Programas de Cumplimiento y la Autodenuncia.<\/p>\n<p style=\"text-align: justify;\">Finalmente, el jefe del Departamento de Gesti\u00f3n de la Informaci\u00f3n, Sebasti\u00e1n Elgueta, present\u00f3 el modelo de gesti\u00f3n que se ha ido aplicando en la SMA, con la creaci\u00f3n de sistemas internos de desarrollo propio para el manejo de datos a nivel institucional, inter-institucional y de visualizaci\u00f3n, tanto para ciudadanos como para empresas reguladas.<\/p>\n","protected":false},"excerpt":{"rendered":"<p>&nbsp; Profesionales de la Superintendencia explicaron el modelo de fiscalizaci\u00f3n, sanci\u00f3n y gesti\u00f3n de la informaci\u00f3n al personero argentino, proyecto que se enmarca en la cooperaci\u00f3n internacional suscrita a trav\u00e9s de la Red Sudamericana de Fiscalizaci\u00f3n y Cumplimiento Ambiental.<\/p>\n","protected":false},"author":3,"featured_media":16774,"comment_status":"open","ping_status":"open","sticky":false,"template":"","format":"standard","meta":{"footnotes":""},"categories":[94],"tags":[],"class_list":["post-16775","post","type-post","status-publish","format-standard","has-post-thumbnail","hentry","category-notas-noticias"],"_links":{"self":[{"href":"https:\/\/portal.sma.gob.cl\/index.php\/wp-json\/wp\/v2\/posts\/16775","targetHints":{"allow":["GET"]}}],"collection":[{"href":"https:\/\/portal.sma.gob.cl\/index.php\/wp-json\/wp\/v2\/posts"}],"about":[{"href":"https:\/\/portal.sma.gob.cl\/index.php\/wp-json\/wp\/v2\/types\/post"}],"author":[{"embeddable":true,"href":"https:\/\/portal.sma.gob.cl\/index.php\/wp-json\/wp\/v2\/users\/3"}],"replies":[{"embeddable":true,"href":"https:\/\/portal.sma.gob.cl\/index.php\/wp-json\/wp\/v2\/comments?post=16775"}],"version-history":[{"count":0,"href":"https:\/\/portal.sma.gob.cl\/index.php\/wp-json\/wp\/v2\/posts\/16775\/revisions"}],"wp:featuredmedia":[{"embeddable":true,"href":"https:\/\/portal.sma.gob.cl\/index.php\/wp-json\/wp\/v2\/media\/16774"}],"wp:attachment":[{"href":"https:\/\/portal.sma.gob.cl\/index.php\/wp-json\/wp\/v2\/media?parent=16775"}],"wp:term":[{"taxonomy":"category","embeddable":true,"href":"https:\/\/portal.sma.gob.cl\/index.php\/wp-json\/wp\/v2\/categories?post=16775"},{"taxonomy":"post_tag","embeddable":true,"href":"https:\/\/portal.sma.gob.cl\/index.php\/wp-json\/wp\/v2\/tags?post=16775"}],"curies":[{"name":"wp","href":"https:\/\/api.w.org\/{rel}","templated":true}]}}