{"id":16779,"date":"2017-07-26T20:24:34","date_gmt":"2017-07-26T20:24:34","guid":{"rendered":"https:\/\/portal.sma.gob.cl\/index.php\/2017\/07\/26\/superintendente-encabeza-visita-protocolar-al-primer-tribunal-ambiental-de-antofagasta\/"},"modified":"2017-07-26T20:24:34","modified_gmt":"2017-07-26T20:24:34","slug":"superintendente-encabeza-visita-protocolar-al-primer-tribunal-ambiental-de-antofagasta","status":"publish","type":"post","link":"https:\/\/portal.sma.gob.cl\/index.php\/superintendente-encabeza-visita-protocolar-al-primer-tribunal-ambiental-de-antofagasta\/","title":{"rendered":"Superintendente encabeza visita protocolar al Primer Tribunal Ambiental de Antofagasta"},"content":{"rendered":"<p style=\"text-align: justify;\"><strong><img decoding=\"async\" class=\"size-auto size-full wp-image-16778\" src=\"https:\/\/portal.sma.gob.cl\/wp-content\/uploads\/2017\/07\/nota-Tribunal_Ambiental_Antofagasta.jpg\" alt=\"nota-Tribunal Ambiental Antofagasta\" width=\"760\" height=\"360\" srcset=\"https:\/\/portal.sma.gob.cl\/wp-content\/uploads\/2017\/07\/nota-Tribunal_Ambiental_Antofagasta-200x95.jpg 200w, https:\/\/portal.sma.gob.cl\/wp-content\/uploads\/2017\/07\/nota-Tribunal_Ambiental_Antofagasta-300x142.jpg 300w, https:\/\/portal.sma.gob.cl\/wp-content\/uploads\/2017\/07\/nota-Tribunal_Ambiental_Antofagasta-400x189.jpg 400w, https:\/\/portal.sma.gob.cl\/wp-content\/uploads\/2017\/07\/nota-Tribunal_Ambiental_Antofagasta-600x284.jpg 600w, https:\/\/portal.sma.gob.cl\/wp-content\/uploads\/2017\/07\/nota-Tribunal_Ambiental_Antofagasta.jpg 760w\" sizes=\"(max-width: 760px) 100vw, 760px\" \/><\/strong><\/p>\n<p><strong>Se llev\u00f3 a cabo una reuni\u00f3n protocolar con el Presidente del Primer Tribunal Ambiental, Daniel Guevara, y los ministros&nbsp;<span style=\"font-size: 12.16px; text-align: justify;\">Marcelo Hern\u00e1ndez, Mauricio Oviedo y Fabrizio Queirolo.<\/span><\/strong><\/p>\n<p>  <!--more-->  <\/p>\n<p style=\"text-align: justify;\"><strong>Antofagasta, 26 de julio de 2017. <\/strong>El Superintendente del Medio Ambiente (SMA), Cristi\u00e1n Franz, realiz\u00f3 esta ma\u00f1ana una visita protocolar a los ministros del Primer Tribunal Ambiental, con sede en Antofagasta. Acompa\u00f1ado del jefe regional de la Oficina de Antofagasta de la SMA, Ricardo Ortiz, y por el Jefe de Gabinete, David Silva, convers\u00f3 con el presidente del Tribunal, Daniel Guevara, junto a los ministros Marcelo Hern\u00e1ndez, Mauricio Oviedo y Fabrizio Queirolo.<\/p>\n<p style=\"text-align: justify;\">El Superintendente Franz, expres\u00f3 su inter\u00e9s por conocer a los ministros del Tribunal, debido a que este organismo tiene una funci\u00f3n clave dentro de la institucionalidad ambiental, el cual es conocer las reclamaciones que titulares o ciudadanos presenten respecto de resoluciones de la SMA, como tambi\u00e9n conocer las medidas provisionales m\u00e1s intrusivas que puede decretar la SMA respecto de un proyecto, como es su paralizaci\u00f3n o clausura.<\/p>\n","protected":false},"excerpt":{"rendered":"<p>Se llev\u00f3 a cabo una reuni\u00f3n protocolar con el Presidente del Primer Tribunal Ambiental, Daniel Guevara, y los ministros&nbsp;Marcelo Hern\u00e1ndez, Mauricio Oviedo y Fabrizio Queirolo.<\/p>\n","protected":false},"author":3,"featured_media":16778,"comment_status":"open","ping_status":"open","sticky":false,"template":"","format":"standard","meta":{"footnotes":""},"categories":[94],"tags":[],"class_list":["post-16779","post","type-post","status-publish","format-standard","has-post-thumbnail","hentry","category-notas-noticias"],"_links":{"self":[{"href":"https:\/\/portal.sma.gob.cl\/index.php\/wp-json\/wp\/v2\/posts\/16779","targetHints":{"allow":["GET"]}}],"collection":[{"href":"https:\/\/portal.sma.gob.cl\/index.php\/wp-json\/wp\/v2\/posts"}],"about":[{"href":"https:\/\/portal.sma.gob.cl\/index.php\/wp-json\/wp\/v2\/types\/post"}],"author":[{"embeddable":true,"href":"https:\/\/portal.sma.gob.cl\/index.php\/wp-json\/wp\/v2\/users\/3"}],"replies":[{"embeddable":true,"href":"https:\/\/portal.sma.gob.cl\/index.php\/wp-json\/wp\/v2\/comments?post=16779"}],"version-history":[{"count":0,"href":"https:\/\/portal.sma.gob.cl\/index.php\/wp-json\/wp\/v2\/posts\/16779\/revisions"}],"wp:featuredmedia":[{"embeddable":true,"href":"https:\/\/portal.sma.gob.cl\/index.php\/wp-json\/wp\/v2\/media\/16778"}],"wp:attachment":[{"href":"https:\/\/portal.sma.gob.cl\/index.php\/wp-json\/wp\/v2\/media?parent=16779"}],"wp:term":[{"taxonomy":"category","embeddable":true,"href":"https:\/\/portal.sma.gob.cl\/index.php\/wp-json\/wp\/v2\/categories?post=16779"},{"taxonomy":"post_tag","embeddable":true,"href":"https:\/\/portal.sma.gob.cl\/index.php\/wp-json\/wp\/v2\/tags?post=16779"}],"curies":[{"name":"wp","href":"https:\/\/api.w.org\/{rel}","templated":true}]}}