{"id":16781,"date":"2017-07-27T16:58:10","date_gmt":"2017-07-27T16:58:10","guid":{"rendered":"https:\/\/portal.sma.gob.cl\/index.php\/2017\/07\/27\/antofagasta-sma-decreta-medidas-provisionales-contra-establecimientos-nocturnos-en-sector-parque-croacia\/"},"modified":"2017-07-27T16:58:10","modified_gmt":"2017-07-27T16:58:10","slug":"antofagasta-sma-decreta-medidas-provisionales-contra-establecimientos-nocturnos-en-sector-parque-croacia","status":"publish","type":"post","link":"https:\/\/portal.sma.gob.cl\/index.php\/antofagasta-sma-decreta-medidas-provisionales-contra-establecimientos-nocturnos-en-sector-parque-croacia\/","title":{"rendered":"ANTOFAGASTA: SMA decreta medidas provisionales contra establecimientos nocturnos en sector Parque Croacia"},"content":{"rendered":"<p style=\"text-align: justify;\"><strong><img decoding=\"async\" class=\"size-auto size-full wp-image-16780\" src=\"https:\/\/portal.sma.gob.cl\/wp-content\/uploads\/2017\/07\/NOTA-Pubs_Antof_OK.jpg\" alt=\"NOTA-Pubs Antof OK\" width=\"760\" height=\"360\" srcset=\"https:\/\/portal.sma.gob.cl\/wp-content\/uploads\/2017\/07\/NOTA-Pubs_Antof_OK-200x95.jpg 200w, https:\/\/portal.sma.gob.cl\/wp-content\/uploads\/2017\/07\/NOTA-Pubs_Antof_OK-300x142.jpg 300w, https:\/\/portal.sma.gob.cl\/wp-content\/uploads\/2017\/07\/NOTA-Pubs_Antof_OK-400x189.jpg 400w, https:\/\/portal.sma.gob.cl\/wp-content\/uploads\/2017\/07\/NOTA-Pubs_Antof_OK-600x284.jpg 600w, https:\/\/portal.sma.gob.cl\/wp-content\/uploads\/2017\/07\/NOTA-Pubs_Antof_OK.jpg 760w\" sizes=\"(max-width: 760px) 100vw, 760px\" \/><\/strong><\/p>\n<p style=\"text-align: justify;\"><strong>La Superintendencia detect\u00f3 incumplimientos ambientales a la Norma de Emisi\u00f3n de Ruidos asociados a centros de entretenci\u00f3n nocturna.<\/strong><\/p>\n<p>  <!--more-->  <\/p>\n<p style=\"text-align: justify;\"><strong>Antofagasta, 26 de julio de 2017.<\/strong> En visita a la regi\u00f3n de Antofagasta, el Superintendente del Medio Ambiente Cristi\u00e1n Franz, realiz\u00f3 un recorrido por la zona del Parque Croacia de Antofagasta, donde se han recibido diversas denuncias por ruidos molestos provenientes de locales nocturnos de la zona, cuyas emisiones estar\u00edan superando los l\u00edmites establecidos en el D.S. N\u00b0 38 de 2011, que establece los niveles m\u00e1ximos permisibles de presi\u00f3n sonora.<\/p>\n<p style=\"text-align: justify;\">Al respecto, inform\u00f3 que la SMA adopt\u00f3 tres medidas provisionales contra el \u201cPub Maldita Barra\u201d, \u201cPub Restaurante NOA\u201d y \u201cArenas Pub\u201d, ya que tras realizar mediciones de ruido con son\u00f3metros calibrados en horario nocturno (21.00 a 7.00 horas), se constat\u00f3 la superaci\u00f3n de los niveles de presi\u00f3n sonora permitidos.<\/p>\n<p style=\"text-align: justify;\">En esta zona, calificada por el plano regulador de Antofagasta como barrio residencial, los ruidos m\u00e1ximos nocturnos pueden alcanzar hasta 45 decibeles, mientras que en la fiscalizaci\u00f3n se constataron ruidos de hasta 68 decibeles (Arenas Pub), 54 decibeles (Restaurante NOA) y 56 decibeles (Pub Maldita Barra).<\/p>\n<p style=\"text-align: justify;\">Ante la superaci\u00f3n de la norma, la SMA adopt\u00f3 medidas provisionales contra los tres locales, consistentes en la paralizaci\u00f3n de los equipos emisores de ruido, como altavoces y parlantes, durante 15 d\u00edas. A la vez, deber\u00e1n realizar un mejoramiento de las condiciones de aislaci\u00f3n ac\u00fastica del local para cumplir con los l\u00edmites establecidos en el D.S 38 de 2011 (mejoramiento de techos, muros, cambiar equipos, entre otros), adem\u00e1s de realizar un programa de monitoreo de impacto ac\u00fastico con una Entidad T\u00e9cnica de Fiscalizaci\u00f3n Ambiental (ETFA) aprobada por la SMA.<\/p>\n<p style=\"text-align: justify;\">Esto significa que los tres pub pueden seguir prestando servicios de restaurantes y expendio de bebidas alcoh\u00f3licas, seg\u00fan las autorizaciones que posean, pero no podr\u00e1n ocupar equipos emisores de ruido hasta implementar las medidas de insonorizaci\u00f3n necesarias.<\/p>\n<p style=\"text-align: justify;\">\u201cLas denuncias por ruidos representan m\u00e1s de la mitad del total de denuncias que recibe la SMA anualmente, y para nosotros son de la mayor importancia, pues afectan directamente a la salud de las personas, se trata de un contaminante invisible, pero muy perjudicial para quienes conviven con \u00e9l a diario, especialmente en horario nocturno. En este caso nos hemos hecho cargo de m\u00faltiples denuncias presentadas contra estos establecimientos, con estas medidas provisionales que buscan bajar los ruidos y que los locales presenten un plan de acci\u00f3n para mejorar su aislaci\u00f3n ac\u00fastica de forma permanente, para que cumplan con los niveles permitidos en el D.S. 38\/2011 que regula los ruidos\u201d, dijo el Superintendente, Cristi\u00e1n Franz.<\/p>\n","protected":false},"excerpt":{"rendered":"<p>La Superintendencia detect\u00f3 incumplimientos ambientales a la Norma de Emisi\u00f3n de Ruidos asociados a centros de entretenci\u00f3n nocturna.<\/p>\n","protected":false},"author":3,"featured_media":16780,"comment_status":"open","ping_status":"open","sticky":false,"template":"","format":"standard","meta":{"footnotes":""},"categories":[90],"tags":[],"class_list":["post-16781","post","type-post","status-publish","format-standard","has-post-thumbnail","hentry","category-comunicados-noticias"],"_links":{"self":[{"href":"https:\/\/portal.sma.gob.cl\/index.php\/wp-json\/wp\/v2\/posts\/16781","targetHints":{"allow":["GET"]}}],"collection":[{"href":"https:\/\/portal.sma.gob.cl\/index.php\/wp-json\/wp\/v2\/posts"}],"about":[{"href":"https:\/\/portal.sma.gob.cl\/index.php\/wp-json\/wp\/v2\/types\/post"}],"author":[{"embeddable":true,"href":"https:\/\/portal.sma.gob.cl\/index.php\/wp-json\/wp\/v2\/users\/3"}],"replies":[{"embeddable":true,"href":"https:\/\/portal.sma.gob.cl\/index.php\/wp-json\/wp\/v2\/comments?post=16781"}],"version-history":[{"count":0,"href":"https:\/\/portal.sma.gob.cl\/index.php\/wp-json\/wp\/v2\/posts\/16781\/revisions"}],"wp:featuredmedia":[{"embeddable":true,"href":"https:\/\/portal.sma.gob.cl\/index.php\/wp-json\/wp\/v2\/media\/16780"}],"wp:attachment":[{"href":"https:\/\/portal.sma.gob.cl\/index.php\/wp-json\/wp\/v2\/media?parent=16781"}],"wp:term":[{"taxonomy":"category","embeddable":true,"href":"https:\/\/portal.sma.gob.cl\/index.php\/wp-json\/wp\/v2\/categories?post=16781"},{"taxonomy":"post_tag","embeddable":true,"href":"https:\/\/portal.sma.gob.cl\/index.php\/wp-json\/wp\/v2\/tags?post=16781"}],"curies":[{"name":"wp","href":"https:\/\/api.w.org\/{rel}","templated":true}]}}