{"id":16783,"date":"2017-07-31T20:37:19","date_gmt":"2017-07-31T20:37:19","guid":{"rendered":"https:\/\/portal.sma.gob.cl\/index.php\/2017\/07\/31\/capacitaciones-regionales-sobre-el-nuevo-sistema-sma-os\/"},"modified":"2017-07-31T20:37:19","modified_gmt":"2017-07-31T20:37:19","slug":"capacitaciones-regionales-sobre-el-nuevo-sistema-sma-os","status":"publish","type":"post","link":"https:\/\/portal.sma.gob.cl\/index.php\/capacitaciones-regionales-sobre-el-nuevo-sistema-sma-os\/","title":{"rendered":"Capacitaciones regionales sobre el nuevo Sistema SMA-OS"},"content":{"rendered":"<p style=\"text-align: justify;\"><strong><img decoding=\"async\" class=\"size-auto size-full wp-image-16782\" src=\"https:\/\/portal.sma.gob.cl\/wp-content\/uploads\/2017\/07\/Nota-Taller_SMA-OS.jpg\" alt=\"Nota-Taller SMA-OS\" width=\"760\" height=\"360\" srcset=\"https:\/\/portal.sma.gob.cl\/wp-content\/uploads\/2017\/07\/Nota-Taller_SMA-OS-200x95.jpg 200w, https:\/\/portal.sma.gob.cl\/wp-content\/uploads\/2017\/07\/Nota-Taller_SMA-OS-300x142.jpg 300w, https:\/\/portal.sma.gob.cl\/wp-content\/uploads\/2017\/07\/Nota-Taller_SMA-OS-400x189.jpg 400w, https:\/\/portal.sma.gob.cl\/wp-content\/uploads\/2017\/07\/Nota-Taller_SMA-OS-600x284.jpg 600w, https:\/\/portal.sma.gob.cl\/wp-content\/uploads\/2017\/07\/Nota-Taller_SMA-OS.jpg 760w\" sizes=\"(max-width: 760px) 100vw, 760px\" \/><\/strong><\/p>\n<p style=\"text-align: justify;\"><strong>Los d\u00edas 26 y 27 de julio, se realizaron jornadas en Puerto Montt e Iquique dedicadas a todos los funcionarios p\u00fablicos que forman parte de la RENFA.<\/strong><\/p>\n<p>  <!--more-->  <\/p>\n<p style=\"text-align: justify;\"><strong>Iquique, 27 de julio de 2017.<\/strong> Esta ma\u00f1ana se llev\u00f3 a cabo, en la Biblioteca Municipal de Iquique, una jornada de capacitaci\u00f3n pr\u00e1ctica respecto de la plataforma de trabajo colaborativo entre los servicios p\u00fablicos que forman parte de la Red Nacional de Fiscalizaci\u00f3n Ambiental (RENFA) y la SMA, para explicar el funcionamiento del Sistema web SMA-OS.<br \/>Dicho sistema es una plataforma de trabajo colaborativo entre los miembros de la RENFA, que permitir\u00e1, entre otros atributos, gestionar las actividades de fiscalizaci\u00f3n y dar a los Organismos Sectoriales acceso permanente a los informes de seguimiento ambiental que reportan los titulares de RCA. En una jornada pr\u00e1ctica, se permiti\u00f3 a los participantes acceder en tiempo real a la plataforma, efectuar ejercicios pr\u00e1cticos, y revisar ejemplos existentes.&nbsp;En la jornada de Iquique participaron siete funcionarios de la DGA, SERNAPESCA, CONAF y Direcci\u00f3n de Vialidad.<\/p>\n<p style=\"text-align: justify;\">En tanto, el d\u00eda anterior se realiz\u00f3 la misma actividad en Puerto Montt, donde se capacitaron 26 funcionarios de CONAF, SAG, SERNAPESCA y DIRECTEMAR, incluyendo funcionarios de la provincia de Palena.<\/p>\n<p style=\"text-align: justify;\">Ambas jornadas se realizaron gracias a la cooperaci\u00f3n de la Direcci\u00f3n de Bibliotecas Archivos y Museos (DIBAM) de Iquique y a la sede de la Universidad Santo Tomas en Puerto Montt. En el transcurso del a\u00f1o, se continuar\u00e1n efectuando capacitaciones a los miembros de la RENFA.<\/p>\n<p style=\"text-align: justify;\">Mayor informaci\u00f3n sobre este <a href=\"http:\/\/renfa.sma.gob.cl\/index.php\/2016\/07\/14\/sistema-sma-os\/\">proyecto SMA-OS, haga click aqu\u00ed.<\/a><\/p>\n","protected":false},"excerpt":{"rendered":"<p>Los d\u00edas 26 y 27 de julio, se realizaron jornadas en Puerto Montt e Iquique dedicadas a todos los funcionarios p\u00fablicos que forman parte de la RENFA.<\/p>\n","protected":false},"author":3,"featured_media":16782,"comment_status":"open","ping_status":"open","sticky":false,"template":"","format":"standard","meta":{"footnotes":""},"categories":[94],"tags":[],"class_list":["post-16783","post","type-post","status-publish","format-standard","has-post-thumbnail","hentry","category-notas-noticias"],"_links":{"self":[{"href":"https:\/\/portal.sma.gob.cl\/index.php\/wp-json\/wp\/v2\/posts\/16783","targetHints":{"allow":["GET"]}}],"collection":[{"href":"https:\/\/portal.sma.gob.cl\/index.php\/wp-json\/wp\/v2\/posts"}],"about":[{"href":"https:\/\/portal.sma.gob.cl\/index.php\/wp-json\/wp\/v2\/types\/post"}],"author":[{"embeddable":true,"href":"https:\/\/portal.sma.gob.cl\/index.php\/wp-json\/wp\/v2\/users\/3"}],"replies":[{"embeddable":true,"href":"https:\/\/portal.sma.gob.cl\/index.php\/wp-json\/wp\/v2\/comments?post=16783"}],"version-history":[{"count":0,"href":"https:\/\/portal.sma.gob.cl\/index.php\/wp-json\/wp\/v2\/posts\/16783\/revisions"}],"wp:featuredmedia":[{"embeddable":true,"href":"https:\/\/portal.sma.gob.cl\/index.php\/wp-json\/wp\/v2\/media\/16782"}],"wp:attachment":[{"href":"https:\/\/portal.sma.gob.cl\/index.php\/wp-json\/wp\/v2\/media?parent=16783"}],"wp:term":[{"taxonomy":"category","embeddable":true,"href":"https:\/\/portal.sma.gob.cl\/index.php\/wp-json\/wp\/v2\/categories?post=16783"},{"taxonomy":"post_tag","embeddable":true,"href":"https:\/\/portal.sma.gob.cl\/index.php\/wp-json\/wp\/v2\/tags?post=16783"}],"curies":[{"name":"wp","href":"https:\/\/api.w.org\/{rel}","templated":true}]}}