{"id":16787,"date":"2017-08-08T19:05:43","date_gmt":"2017-08-08T19:05:43","guid":{"rendered":"https:\/\/portal.sma.gob.cl\/index.php\/2017\/08\/08\/sma-informa-proximos-talleres-sobre-norma-luminica-e-impuestos-verdes\/"},"modified":"2017-08-08T19:05:43","modified_gmt":"2017-08-08T19:05:43","slug":"sma-informa-proximos-talleres-sobre-norma-luminica-e-impuestos-verdes","status":"publish","type":"post","link":"https:\/\/portal.sma.gob.cl\/index.php\/sma-informa-proximos-talleres-sobre-norma-luminica-e-impuestos-verdes\/","title":{"rendered":"SMA INFORMA: PR\u00d3XIMOS TALLERES SOBRE NORMA LUM\u00cdNICA E IMPUESTOS VERDES"},"content":{"rendered":"<p><strong style=\"font-size: 12.16px;\"><img decoding=\"async\" class=\"size-auto size-full wp-image-16786\" src=\"https:\/\/portal.sma.gob.cl\/wp-content\/uploads\/2017\/08\/impuestosverdesluminica-nota.png\" alt=\"impuestosverdesluminica-nota\" width=\"760\" height=\"360\" srcset=\"https:\/\/portal.sma.gob.cl\/wp-content\/uploads\/2017\/08\/impuestosverdesluminica-nota-200x95.png 200w, https:\/\/portal.sma.gob.cl\/wp-content\/uploads\/2017\/08\/impuestosverdesluminica-nota-300x142.png 300w, https:\/\/portal.sma.gob.cl\/wp-content\/uploads\/2017\/08\/impuestosverdesluminica-nota-400x189.png 400w, https:\/\/portal.sma.gob.cl\/wp-content\/uploads\/2017\/08\/impuestosverdesluminica-nota-600x284.png 600w, https:\/\/portal.sma.gob.cl\/wp-content\/uploads\/2017\/08\/impuestosverdesluminica-nota.png 760w\" sizes=\"(max-width: 760px) 100vw, 760px\" \/><\/strong><\/p>\n<p>&nbsp;<\/p>\n<p><strong style=\"font-size: 12.16px;\">Se llevar\u00e1n a cabo en La Serena, Valpara\u00edso, Antofagasta, Concepci\u00f3n y Santiago.<\/strong><\/p>\n<p>  <!--more-->  <\/p>\n<p style=\"text-align: justify;\"><strong>Santiago, 08 de agosto de 2017.<\/strong> La Superintendencia del Medio Ambiente (SMA) informa a la comunidad regulada que realizar\u00e1 una serie de talleres informativos respecto de la Norma Lum\u00ednica, que se aplica en la zona norte del pa\u00eds, y que busca resguardar la calidad de los cielos para la observaci\u00f3n astron\u00f3mica. Por otra parte, tambi\u00e9n se realizar\u00e1n talleres especiales sobre \u201cImpuestos Verdes\u201d.<\/p>\n<p style=\"text-align: justify;\"><strong>1.- Taller de Norma Lum\u00ednica, 23 de agosto, La Serena:<\/strong><br \/>Este taller est\u00e1 dirigido principalmente a los profesionales de los Departamento o Unidades de Medio Ambiente, Direcciones de Obras, Secretar\u00eda de Planificaci\u00f3n, u otros departamentos de su instituci\u00f3n que tengan relaci\u00f3n directa con proyectos de alumbrados p\u00fablicos, se\u00f1al\u00e9ticas y en general con el cumplimiento normativo del D.S. N\u00b043\/2012.<br \/>Este se llevar\u00e1 a cabo el d\u00eda martes 22 de agosto, entre las 15.00 a 20.00 horas, en el Centro Tur\u00edstico de Caja Los Andes, ubicado en Avenida Los N\u00edsperos 661, La Serena. <br \/>La actividad, organizada conjuntamente con el Ministerio del Medio Ambiente, la Oficina de Protecci\u00f3n de los Cielos del Norte de Chile (OPCC) y la Sociedad Chilena de Astronom\u00eda (SOCHIAS), tiene por objeto difundir la normativa que regula esta actividad de manera de fomentar su cumplimiento, as\u00ed como generar conciencia respecto a la relevancia los cielos y los impactos de las actividades humanas en su observaci\u00f3n.<br \/>Inscripciones al correo <a href=\"mailto:eventos@sma.gob.cl\">eventos@sma.gob.cl<\/a><\/p>\n<p style=\"text-align: justify;\"><strong>2.- Ciclo de talleres sobre impuestos verdes:<\/strong><\/p>\n<p style=\"text-align: justify;\">En el marco de la implementaci\u00f3n del sistema MRV para el impuesto verde (Medici\u00f3n, Reporte y Verificaci\u00f3n), se ha programado la realizaci\u00f3n de un ciclo de talleres orientados a titulares de establecimientos industriales afectos al gravamen.<br \/>En esta oportunidad se recordaran temas asociados a la medici\u00f3n (Res. Exenta 1053\/2016SMA), Reporte (Res. Exenta 184\/2017 SMA), y se profundizar\u00e1 en el proceso de Verificaci\u00f3n, el que prontamente contar\u00e1 con instructivo af\u00edn.<\/p>\n<p style=\"text-align: justify;\">Las fechas y los lugares son los siguientes:<\/p>\n<table style=\"width: 676px; background-image: initial; background-position: initial; background-repeat: initial; background-attachment: initial; border-collapse: collapse; height: 262px;\" border=\"0\" cellspacing=\"0\" cellpadding=\"0\">\n<tbody>\n<tr style=\"height: 24.75pt;\">\n<td style=\"width: 115.9pt; border: 1pt solid windowtext; padding: 0cm 3.5pt; height: 24.75pt;\" width=\"155\">\n<p style=\"margin-bottom: 0.0001pt; line-height: normal;\"><strong><span style=\"font-size: 9pt; font-family: 'Times New Roman', serif;\" data-mce-mark=\"1\">Ciudad<\/span><\/strong><\/p>\n<\/td>\n<td style=\"width: 70.45pt; border-top: 1pt solid windowtext; border-right: 1pt solid windowtext; border-bottom: 1pt solid windowtext; border-left: none; padding: 0cm 3.5pt; height: 24.75pt;\" width=\"94\">\n<p style=\"margin-bottom: 0.0001pt; text-align: center; line-height: normal;\" align=\"center\"><strong><span style=\"font-size: 9pt; font-family: 'Times New Roman', serif; color: #222222;\" data-mce-mark=\"1\">Fecha<\/span><\/strong><\/p>\n<\/td>\n<td style=\"width: 47.05pt; border-top: 1pt solid windowtext; border-right: 1pt solid windowtext; border-bottom: 1pt solid windowtext; border-left: none; padding: 0cm; height: 24.75pt;\" valign=\"top\" width=\"63\">\n<p style=\"margin-bottom: 0.0001pt; line-height: normal;\"><strong><span style=\"font-size: 9pt; font-family: 'Times New Roman', serif; color: #222222;\" data-mce-mark=\"1\">Horario<\/span><\/strong><\/p>\n<\/td>\n<td style=\"width: 4cm; border-top: 1pt solid windowtext; border-right: 1pt solid windowtext; border-bottom: 1pt solid windowtext; border-left: none; padding: 0cm 3.5pt; height: 24.75pt;\" valign=\"bottom\" width=\"151\">\n<p style=\"margin-bottom: 0.0001pt; line-height: normal;\"><strong><span style=\"font-size: 9pt; font-family: 'Times New Roman', serif; color: #222222;\" data-mce-mark=\"1\">lugar<\/span><\/strong><\/p>\n<\/td>\n<td style=\"width: 308.45pt; border-top: 1pt solid windowtext; border-right: 1pt solid windowtext; border-bottom: 1pt solid windowtext; border-left: none; padding: 0cm; height: 24.75pt;\" valign=\"top\" width=\"411\">\n<p style=\"margin-bottom: 0.0001pt; line-height: normal;\"><strong><span style=\"font-size: 9pt; font-family: 'Times New Roman', serif; color: #222222;\" data-mce-mark=\"1\">Mail de confirmaci\u00f3n (cupos limitados)<\/span><\/strong><\/p>\n<\/td>\n<td style=\"width: 97.4pt; border-top: 1pt solid windowtext; border-right: 1pt solid windowtext; border-bottom: 1pt solid windowtext; border-left: none; padding: 0cm; height: 24.75pt;\" valign=\"top\" width=\"130\">\n<p style=\"margin-bottom: 0.0001pt; line-height: normal;\"><strong><span style=\"font-size: 9pt; font-family: 'Times New Roman', serif; color: #222222;\" data-mce-mark=\"1\">Informaci\u00f3n solicitada<\/span><\/strong><\/p>\n<\/td>\n<\/tr>\n<tr style=\"height: 24.75pt;\">\n<td style=\"width: 115.9pt; border-right: 1pt solid windowtext; border-bottom: 1pt solid windowtext; border-left: 1pt solid windowtext; border-top: none; padding: 0cm 3.5pt; height: 24.75pt;\" width=\"155\">\n<p style=\"margin-bottom: 0.0001pt; line-height: normal;\"><span style=\"font-size: 9pt; font-family: 'Times New Roman', serif;\" data-mce-mark=\"1\">Taller Impuestos Verdes RM<\/span><\/p>\n<p style=\"margin-bottom: 0.0001pt; line-height: normal;\"><span style=\"color: #ff0000;\"><strong><span style=\"font-size: 9pt; font-family: 'Times New Roman', serif;\" data-mce-mark=\"1\">SIN CUPOS<\/span><\/strong><\/span><\/p>\n<\/td>\n<td style=\"width: 70.45pt; border-top: none; border-left: none; border-bottom: 1pt solid windowtext; border-right: 1pt solid windowtext; padding: 0cm 3.5pt; height: 24.75pt;\" width=\"94\">\n<p style=\"margin-bottom: 0.0001pt; text-align: center; line-height: normal;\" align=\"center\"><span style=\"font-size: 9pt; font-family: 'Times New Roman', serif; color: #222222;\" data-mce-mark=\"1\">01-09-2017<\/span><\/p>\n<\/td>\n<td style=\"width: 47.05pt; border-top: none; border-left: none; border-bottom: 1pt solid windowtext; border-right: 1pt solid windowtext; padding: 0cm; height: 24.75pt;\" rowspan=\"4\" valign=\"top\" width=\"63\">\n<p style=\"margin-bottom: 0.0001pt; line-height: normal;\"><span style=\"font-size: 9pt; font-family: 'Times New Roman', serif; color: #222222;\" data-mce-mark=\"1\">9:00-13:00<\/span><\/p>\n<\/td>\n<td style=\"width: 4cm; border-top: none; border-left: none; border-bottom: 1pt solid windowtext; border-right: 1pt solid windowtext; padding: 0cm 3.5pt; height: 24.75pt;\" valign=\"bottom\" width=\"151\">\n<p style=\"margin-bottom: 0.0001pt; line-height: normal;\"><span style=\"font-size: 9pt; font-family: 'Times New Roman', serif; color: #222222;\" data-mce-mark=\"1\">Learning Centar Group, Puente 574, piso 6, Santiago, Metro Plaza de Armas<\/span><\/p>\n<\/td>\n<td style=\"width: 308.45pt; border-top: none; border-left: none; border-bottom: 1pt solid windowtext; border-right: 1pt solid windowtext; padding: 0cm; height: 24.75pt;\" valign=\"top\" width=\"411\">\n<p style=\"margin-bottom: 0.0001pt; line-height: normal;\"><span style=\"font-size: 9pt; font-family: 'Times New Roman', serif; color: #222222;\" data-mce-mark=\"1\">&lt;<\/span><a href=\"mailto:carolina.pinilla@sma.gob.cl\">carolina.pinilla@sma.gob.cl<\/a><span style=\"font-size: 9pt; font-family: 'Times New Roman', serif; color: #222222;\" data-mce-mark=\"1\">&gt;<\/span><\/p>\n<\/td>\n<td style=\"width: 97.4pt; border-top: none; border-left: none; border-bottom: 1pt solid windowtext; border-right: 1pt solid windowtext; padding: 0cm; height: 24.75pt;\" rowspan=\"4\" valign=\"top\" width=\"130\">\n<p style=\"margin-bottom: 0.0001pt; line-height: normal;\"><span style=\"font-size: 9pt; font-family: 'Times New Roman', serif; color: #222222;\" data-mce-mark=\"1\">Nombre completo<\/span><\/p>\n<p style=\"margin-bottom: 0.0001pt; line-height: normal;\"><span style=\"font-size: 9pt; font-family: 'Times New Roman', serif; color: #222222;\">Empresa y taller al cual desea asistir.<\/span><\/p>\n<\/td>\n<\/tr>\n<tr style=\"height: 24.75pt;\">\n<td style=\"width: 115.9pt; border-right: 1pt solid windowtext; border-bottom: 1pt solid windowtext; border-left: 1pt solid windowtext; border-top: none; padding: 0cm 3.5pt; height: 24.75pt;\" width=\"155\">\n<p style=\"margin-bottom: 0.0001pt; line-height: normal;\"><span style=\"font-size: 9pt; font-family: 'Times New Roman', serif;\" data-mce-mark=\"1\">Taller impuestos verdes Valpara\u00edso<\/span><\/p>\n<\/td>\n<td style=\"width: 70.45pt; border-top: none; border-left: none; border-bottom: 1pt solid windowtext; border-right: 1pt solid windowtext; padding: 0cm 3.5pt; height: 24.75pt;\" width=\"94\">\n<p style=\"margin-bottom: 0.0001pt; text-align: center; line-height: normal;\" align=\"center\"><span style=\"font-size: 9pt; font-family: 'Times New Roman', serif; color: #222222;\" data-mce-mark=\"1\">30-08-2017<\/span><\/p>\n<\/td>\n<td style=\"width: 4cm; border-top: none; border-left: none; border-bottom: 1pt solid windowtext; border-right: 1pt solid windowtext; padding: 0cm 3.5pt; height: 24.75pt;\" valign=\"bottom\" nowrap=\"nowrap\" width=\"151\">\n<p style=\"margin-bottom: 0.0001pt; line-height: normal;\"><span style=\"font-size: 9pt; font-family: 'Times New Roman', serif; color: #222222;\" data-mce-mark=\"1\">Diego de Almagro Valpara\u00edso, Molina 76, Valpara\u00edso,<\/span><\/p>\n<\/td>\n<td style=\"width: 308.45pt; border-top: none; border-left: none; border-bottom: 1pt solid windowtext; border-right: 1pt solid windowtext; padding: 0cm; height: 24.75pt;\" valign=\"top\" width=\"411\">\n<p style=\"margin-bottom: 0.0001pt; line-height: normal;\"><span style=\"font-size: 9pt; font-family: 'Times New Roman', serif; color: #222222;\" data-mce-mark=\"1\">&lt;<\/span><a href=\"mailto:jacqueline.munoz@sma.gob.cl\">jacqueline.munoz@sma.gob.cl<\/a><span style=\"font-size: 9pt; font-family: 'Times New Roman', serif; color: #222222;\" data-mce-mark=\"1\">&gt;<\/span><\/p>\n<\/td>\n<\/tr>\n<tr style=\"height: 24.75pt;\">\n<td style=\"width: 115.9pt; border-right: 1pt solid windowtext; border-bottom: 1pt solid windowtext; border-left: 1pt solid windowtext; border-top: none; padding: 0cm 3.5pt; height: 24.75pt;\" width=\"155\">\n<p style=\"margin-bottom: 0.0001pt; line-height: normal;\"><span style=\"font-size: 9pt; font-family: 'Times New Roman', serif;\" data-mce-mark=\"1\">Taller Impuestos Verdes Antofagasta<\/span><\/p>\n<\/td>\n<td style=\"width: 70.45pt; border-top: none; border-left: none; border-bottom: 1pt solid windowtext; border-right: 1pt solid windowtext; padding: 0cm 3.5pt; height: 24.75pt;\" width=\"94\">\n<p style=\"margin-bottom: 0.0001pt; text-align: center; line-height: normal;\" align=\"center\"><span style=\"font-size: 9pt; font-family: 'Times New Roman', serif; color: #222222;\" data-mce-mark=\"1\">05-09-2017<\/span><\/p>\n<\/td>\n<td style=\"width: 4cm; border-top: none; border-left: none; border-bottom: 1pt solid windowtext; border-right: 1pt solid windowtext; padding: 0cm 3.5pt; height: 24.75pt;\" valign=\"bottom\" nowrap=\"nowrap\" width=\"151\">\n<p style=\"margin-bottom: 0.0001pt; line-height: normal;\"><span style=\"font-size: 9pt; font-family: 'Times New Roman', serif; color: #222222;\" data-mce-mark=\"1\">Hotel Spark | Avda. Argentina 1234 | Antofagasta<\/span><\/p>\n<\/td>\n<td style=\"width: 308.45pt; border-top: none; border-left: none; border-bottom: 1pt solid windowtext; border-right: 1pt solid windowtext; padding: 0cm; height: 24.75pt;\" valign=\"top\" width=\"411\">\n<p style=\"margin-bottom: 0.0001pt; line-height: normal;\"><span style=\"font-size: 9pt; font-family: 'Times New Roman', serif; color: #222222;\" data-mce-mark=\"1\">&lt;<\/span><a href=\"mailto:claudia.faundes@sma.gob.cl\">claudia.faundes@sma.gob.cl<\/a><span style=\"font-size: 9pt; font-family: 'Times New Roman', serif; color: #222222;\" data-mce-mark=\"1\">&gt;<\/span><\/p>\n<p style=\"margin-bottom: 0.0001pt; line-height: normal;\"><span style=\"font-size: 9pt; font-family: 'Times New Roman', serif; color: #222222;\" data-mce-mark=\"1\">&nbsp;<\/span><\/p>\n<\/td>\n<\/tr>\n<tr style=\"height: 24.75pt;\">\n<td style=\"width: 115.9pt; border-right: 1pt solid windowtext; border-bottom: 1pt solid windowtext; border-left: 1pt solid windowtext; border-top: none; padding: 0cm 3.5pt; height: 24.75pt;\" width=\"155\">\n<p style=\"margin-bottom: 0.0001pt; line-height: normal;\"><span style=\"font-size: 9pt; font-family: 'Times New Roman', serif;\" data-mce-mark=\"1\">Taller impuestos Verdes Concepci\u00f3n<\/span><\/p>\n<\/td>\n<td style=\"width: 70.45pt; border-top: none; border-left: none; border-bottom: 1pt solid windowtext; border-right: 1pt solid windowtext; padding: 0cm 3.5pt; height: 24.75pt;\" width=\"94\">\n<p style=\"margin-bottom: 0.0001pt; text-align: center; line-height: normal;\" align=\"center\"><span style=\"font-size: 9pt; font-family: 'Times New Roman', serif; color: #222222;\" data-mce-mark=\"1\">07-09-2017<\/span><\/p>\n<\/td>\n<td style=\"width: 4cm; border-top: none; border-left: none; border-bottom: 1pt solid windowtext; border-right: 1pt solid windowtext; padding: 0cm 3.5pt; height: 24.75pt;\" valign=\"bottom\" nowrap=\"nowrap\" width=\"151\">\n<p style=\"margin-bottom: 0.0001pt; line-height: normal;\"><span style=\"font-size: 9pt; font-family: 'Times New Roman', serif; color: #222222;\" data-mce-mark=\"1\">Hotel Alborada Concepci\u00f3n, Barros Arana 457, Concepci\u00f3n<\/span><\/p>\n<\/td>\n<td style=\"width: 308.45pt; border-top: none; border-left: none; border-bottom: 1pt solid windowtext; border-right: 1pt solid windowtext; padding: 0cm; height: 24.75pt;\" valign=\"top\" width=\"411\">\n<p style=\"margin-bottom: 0.0001pt; line-height: normal;\"><span style=\"font-size: 9pt; font-family: 'Times New Roman', serif; color: #222222;\" data-mce-mark=\"1\">&lt;<\/span><a href=\"mailto:carolina.pinilla@sma.gob.cl\">carolina.pinilla@sma.gob.cl<\/a><span style=\"font-size: 9pt; font-family: 'Times New Roman', serif; color: #222222;\" data-mce-mark=\"1\">&gt;<\/span><\/p>\n<\/td>\n<\/tr>\n<\/tbody>\n<\/table>\n","protected":false},"excerpt":{"rendered":"<p>&nbsp; Se llevar\u00e1n a cabo en La Serena, Valpara\u00edso, Antofagasta, Concepci\u00f3n y Santiago.<\/p>\n","protected":false},"author":3,"featured_media":16786,"comment_status":"open","ping_status":"open","sticky":false,"template":"","format":"standard","meta":{"footnotes":""},"categories":[94],"tags":[],"class_list":["post-16787","post","type-post","status-publish","format-standard","has-post-thumbnail","hentry","category-notas-noticias"],"_links":{"self":[{"href":"https:\/\/portal.sma.gob.cl\/index.php\/wp-json\/wp\/v2\/posts\/16787","targetHints":{"allow":["GET"]}}],"collection":[{"href":"https:\/\/portal.sma.gob.cl\/index.php\/wp-json\/wp\/v2\/posts"}],"about":[{"href":"https:\/\/portal.sma.gob.cl\/index.php\/wp-json\/wp\/v2\/types\/post"}],"author":[{"embeddable":true,"href":"https:\/\/portal.sma.gob.cl\/index.php\/wp-json\/wp\/v2\/users\/3"}],"replies":[{"embeddable":true,"href":"https:\/\/portal.sma.gob.cl\/index.php\/wp-json\/wp\/v2\/comments?post=16787"}],"version-history":[{"count":0,"href":"https:\/\/portal.sma.gob.cl\/index.php\/wp-json\/wp\/v2\/posts\/16787\/revisions"}],"wp:featuredmedia":[{"embeddable":true,"href":"https:\/\/portal.sma.gob.cl\/index.php\/wp-json\/wp\/v2\/media\/16786"}],"wp:attachment":[{"href":"https:\/\/portal.sma.gob.cl\/index.php\/wp-json\/wp\/v2\/media?parent=16787"}],"wp:term":[{"taxonomy":"category","embeddable":true,"href":"https:\/\/portal.sma.gob.cl\/index.php\/wp-json\/wp\/v2\/categories?post=16787"},{"taxonomy":"post_tag","embeddable":true,"href":"https:\/\/portal.sma.gob.cl\/index.php\/wp-json\/wp\/v2\/tags?post=16787"}],"curies":[{"name":"wp","href":"https:\/\/api.w.org\/{rel}","templated":true}]}}