{"id":16790,"date":"2017-08-10T15:59:59","date_gmt":"2017-08-10T15:59:59","guid":{"rendered":"https:\/\/portal.sma.gob.cl\/index.php\/2017\/08\/10\/sma-ordena-medida-provisional-contra-relleno-sanitario-la-laja\/"},"modified":"2017-08-10T15:59:59","modified_gmt":"2017-08-10T15:59:59","slug":"sma-ordena-medida-provisional-contra-relleno-sanitario-la-laja","status":"publish","type":"post","link":"https:\/\/portal.sma.gob.cl\/index.php\/sma-ordena-medida-provisional-contra-relleno-sanitario-la-laja\/","title":{"rendered":"SMA ordena Medida Provisional contra Relleno Sanitario La Laja"},"content":{"rendered":"<p style=\"text-align: justify;\"><img decoding=\"async\" class=\"size-auto size-full wp-image-16789\" src=\"https:\/\/portal.sma.gob.cl\/wp-content\/uploads\/2017\/08\/NOTA-RellenoLaLaja.jpg\" alt=\"NOTA-RellenoLaLaja\" width=\"760\" height=\"360\" srcset=\"https:\/\/portal.sma.gob.cl\/wp-content\/uploads\/2017\/08\/NOTA-RellenoLaLaja-200x95.jpg 200w, https:\/\/portal.sma.gob.cl\/wp-content\/uploads\/2017\/08\/NOTA-RellenoLaLaja-300x142.jpg 300w, https:\/\/portal.sma.gob.cl\/wp-content\/uploads\/2017\/08\/NOTA-RellenoLaLaja-400x189.jpg 400w, https:\/\/portal.sma.gob.cl\/wp-content\/uploads\/2017\/08\/NOTA-RellenoLaLaja-600x284.jpg 600w, https:\/\/portal.sma.gob.cl\/wp-content\/uploads\/2017\/08\/NOTA-RellenoLaLaja.jpg 760w\" sizes=\"(max-width: 760px) 100vw, 760px\" \/><\/p>\n<p style=\"text-align: justify;\"><strong>La instalaci\u00f3n ubicada en la comuna de Puerto Varas, deber\u00e1 cumplir en 15 d\u00edas, con siete medidas asociadas principalmente al manejo de las aguas lluvias y de los l\u00edquidos lixiviados.<\/strong><\/p>\n<p>  <!--more-->  <\/p>\n<p style=\"text-align: justify;\"><strong>Puerto Montt, 09 de agosto de 2017.<\/strong> La Superintendencia del Medio Ambiente orden\u00f3 una medida provisional pre-procedimental contra la Ilustre Municipalidad de Puerto Varas, titular del proyecto \u201cRelleno Sanitario La Laja\u201d, ubicada en la comuna de Puerto Varas, Regi\u00f3n de Los Lagos, debido a incumplimientos ambientales detectados tras fiscalizaciones en terreno a su Resoluci\u00f3n de Calificaci\u00f3n Ambiental.<\/p>\n<p style=\"text-align: justify;\">El Relleno Sanitario dispone los residuos s\u00f3lidos domiciliarios (RSD) y los asimilables a domiciliarios, tanto de origen urbano como rural, generados en la provincia de Llanquihue, prestando servicio principalmente a la poblaci\u00f3n de las comunas de Puerto Montt, Calbuco, Cocham\u00f3, Frutillar, Fresia, Los Muermos, Llanquihue, Maull\u00edn y Puerto Varas<br \/>La Medida Provisional se basa en fiscalizaciones realizadas por la SMA, el Servicio Agr\u00edcola y Ganadero y la SEREMI de Salud, donde se detectaron hallazgos. Tras analizar el m\u00e9rito de \u00e9stos, se ordenaron las siguientes medidas:<\/p>\n<p style=\"text-align: justify;\">1. Sellar el colector principal de recolecci\u00f3n de lixiviados en el sector del dique al interior de la celda disposici\u00f3n de residuos.<br \/>2. Sellar la descarga de aguas lluvias a la zanja que conduce al estero s\/n.<br \/>3. Corregir el cerco perimetral, cerrando todos los espacios a ras de suelo, a objeto de impedir el ingreso de fauna silvestre o vectores sanitarios.<br \/>4. Restituir la funcionalidad de sistema de manejo de aguas lluvias.<br \/>5. Limpiar y retirar los residuos y sedimentos que se encuentren en canales perimetrales de aguas lluvias, en la zanja que conduce al estero s\/n, y el mismo estero hasta su confluencia con el R\u00edo Negro<br \/>6. Presentar un informe que d\u00e9 cuenta de la ejecuci\u00f3n de las medidas antes se\u00f1aladas, con registro fotogr\u00e1fico georreferenciado.<br \/>7. Presentar un Programa de Monitoreo de la calidad de aguas, sedimentos del estero sin nombre y del Rio Negro, con par\u00e1metros como f\u00f3sforo, nitr\u00f3geno, etc.<\/p>\n<p style=\"text-align: justify;\">Estas siete medidas provisionales se deber\u00e1n acreditar ante la SMA en un plazo de 15 d\u00edas, mediante un informe que d\u00e9 cuenta de la ejecuci\u00f3n de las medidas, como tambi\u00e9n el programa de monitoreo de la calidad de las aguas, el cual se deber\u00e1 entregar ante la Oficina Regional de Los Lagos de la SMA.<\/p>\n<p style=\"text-align: justify;\">M\u00e1s informaci\u00f3n del caso en el Sistema Nacional de Informaci\u00f3n de Fiscalizaci\u00f3n Ambiental (SNIFA): <a href=\"http:\/\/snifa.sma.gob.cl\/v2\/MedidaProvisional\/Ficha\/81\">http:\/\/snifa.sma.gob.cl\/v2\/MedidaProvisional\/Ficha\/81<\/a><\/p>\n","protected":false},"excerpt":{"rendered":"<p>La instalaci\u00f3n ubicada en la comuna de Puerto Varas, deber\u00e1 cumplir en 15 d\u00edas, con siete medidas asociadas principalmente al manejo de las aguas lluvias y de los l\u00edquidos lixiviados.<\/p>\n","protected":false},"author":3,"featured_media":16789,"comment_status":"open","ping_status":"open","sticky":false,"template":"","format":"standard","meta":{"footnotes":""},"categories":[1],"tags":[],"class_list":["post-16790","post","type-post","status-publish","format-standard","has-post-thumbnail","hentry","category-sin-categoria"],"_links":{"self":[{"href":"https:\/\/portal.sma.gob.cl\/index.php\/wp-json\/wp\/v2\/posts\/16790","targetHints":{"allow":["GET"]}}],"collection":[{"href":"https:\/\/portal.sma.gob.cl\/index.php\/wp-json\/wp\/v2\/posts"}],"about":[{"href":"https:\/\/portal.sma.gob.cl\/index.php\/wp-json\/wp\/v2\/types\/post"}],"author":[{"embeddable":true,"href":"https:\/\/portal.sma.gob.cl\/index.php\/wp-json\/wp\/v2\/users\/3"}],"replies":[{"embeddable":true,"href":"https:\/\/portal.sma.gob.cl\/index.php\/wp-json\/wp\/v2\/comments?post=16790"}],"version-history":[{"count":0,"href":"https:\/\/portal.sma.gob.cl\/index.php\/wp-json\/wp\/v2\/posts\/16790\/revisions"}],"wp:featuredmedia":[{"embeddable":true,"href":"https:\/\/portal.sma.gob.cl\/index.php\/wp-json\/wp\/v2\/media\/16789"}],"wp:attachment":[{"href":"https:\/\/portal.sma.gob.cl\/index.php\/wp-json\/wp\/v2\/media?parent=16790"}],"wp:term":[{"taxonomy":"category","embeddable":true,"href":"https:\/\/portal.sma.gob.cl\/index.php\/wp-json\/wp\/v2\/categories?post=16790"},{"taxonomy":"post_tag","embeddable":true,"href":"https:\/\/portal.sma.gob.cl\/index.php\/wp-json\/wp\/v2\/tags?post=16790"}],"curies":[{"name":"wp","href":"https:\/\/api.w.org\/{rel}","templated":true}]}}