{"id":16792,"date":"2017-08-11T19:19:03","date_gmt":"2017-08-11T19:19:03","guid":{"rendered":"https:\/\/portal.sma.gob.cl\/index.php\/2017\/08\/11\/sma-realiza-taller-sobre-cumplimiento-de-la-norma-de-termoelectricas-junto-a-asociacion-de-generadoras\/"},"modified":"2017-08-11T19:19:03","modified_gmt":"2017-08-11T19:19:03","slug":"sma-realiza-taller-sobre-cumplimiento-de-la-norma-de-termoelectricas-junto-a-asociacion-de-generadoras","status":"publish","type":"post","link":"https:\/\/portal.sma.gob.cl\/index.php\/sma-realiza-taller-sobre-cumplimiento-de-la-norma-de-termoelectricas-junto-a-asociacion-de-generadoras\/","title":{"rendered":"SMA realiza taller sobre cumplimiento de la norma de termoel\u00e9ctricas junto a Asociaci\u00f3n de Generadoras"},"content":{"rendered":"<p style=\"text-align: justify;\"><strong><img decoding=\"async\" class=\"size-auto size-full wp-image-16791\" src=\"https:\/\/portal.sma.gob.cl\/wp-content\/uploads\/2017\/08\/NOTA_TALLER_GENERADORAS.jpg\" alt=\"NOTA TALLER GENERADORAS\" width=\"760\" height=\"360\" srcset=\"https:\/\/portal.sma.gob.cl\/wp-content\/uploads\/2017\/08\/NOTA_TALLER_GENERADORAS-200x95.jpg 200w, https:\/\/portal.sma.gob.cl\/wp-content\/uploads\/2017\/08\/NOTA_TALLER_GENERADORAS-300x142.jpg 300w, https:\/\/portal.sma.gob.cl\/wp-content\/uploads\/2017\/08\/NOTA_TALLER_GENERADORAS-400x189.jpg 400w, https:\/\/portal.sma.gob.cl\/wp-content\/uploads\/2017\/08\/NOTA_TALLER_GENERADORAS-600x284.jpg 600w, https:\/\/portal.sma.gob.cl\/wp-content\/uploads\/2017\/08\/NOTA_TALLER_GENERADORAS.jpg 760w\" sizes=\"(max-width: 760px) 100vw, 760px\" \/><\/strong><\/p>\n<p style=\"text-align: justify;\"><strong>En la actividad tambi\u00e9n se present\u00f3 un proyecto piloto en el que est\u00e1 trabajando la generadora Colb\u00fan, para acceder en l\u00ednea a los datos de emisiones de su planta Santa Mar\u00eda.<\/strong><\/p>\n<p>  <!--more-->  <\/p>\n<p style=\"text-align: justify;\"><strong>Santiago, 9 de agosto de 2017.<\/strong> Esta ma\u00f1ana se llev\u00f3 a cabo un taller sobre el cumplimiento normativo del D.S.13 de 2011, que aprob\u00f3 la Norma de Emisi\u00f3n para Centrales Termoel\u00e9ctricas, organizado en conjunto con la Asociaci\u00f3n de Generadoras, en el marco del rol de asistencia al cumplimiento ambiental de la SMA.<\/p>\n<p style=\"text-align: justify;\">Rub\u00e9n Verdugo, jefe de la Divisi\u00f3n de Fiscalizaci\u00f3n de la SMA, realiz\u00f3 la apertura de la jornada, explicando cifras del cumplimiento de la norma. Entre otros, destac\u00f3 que realizando un an\u00e1lisis comparativo desde 2014 a la fecha, se puede ver un avance en el grado de cumplimiento de la normativa, pasando de un 65% del cumplimiento del cumplimiento de la norma en 2014, a un 86% en 2016.<\/p>\n<p style=\"text-align: justify;\">Durante la jornada, profesionales de la SMA resolvieron dudas t\u00e9cnicas de las empresas relativas a sus reportes de CEMS y otras actividades que deben reportar a la SMA.<\/p>\n<p style=\"text-align: justify;\">Finalmente, la empresa generadora Colb\u00fan, present\u00f3 un plan piloto que ha estado trabajando junto a la SMA en los \u00faltimos meses, para permitir la conexi\u00f3n en l\u00ednea, con los datos de su planta generadora Santa Mar\u00eda de Coronel. Con esto, la SMA podr\u00e1 verificar en l\u00ednea las condiciones de aseguramiento de calidad del sistema CEMS de dicha planta.<\/p>\n<p style=\"text-align: justify;\">\u201cEsto es un paso hacia la fiscalizaci\u00f3n 2.0 que estamos promoviendo como Superintendencia. Es muy importante avanzar hacia la fiscalizaci\u00f3n online de datos, ya que esto nos permite advertir r\u00e1pidamente alguna anomal\u00eda y tener la certeza respecto de los datos de emisiones en tiempo real. Para las empresas tambi\u00e9n es un paso importante, ya que permite un nivel de transparencia muy grande, cada vez m\u00e1s exigido por la comunidad\u201d, sostuvo Verdugo.<\/p>\n","protected":false},"excerpt":{"rendered":"<p>En la actividad tambi\u00e9n se present\u00f3 un proyecto piloto en el que est\u00e1 trabajando la generadora Colb\u00fan, para acceder en l\u00ednea a los datos de emisiones de su planta Santa Mar\u00eda.<\/p>\n","protected":false},"author":3,"featured_media":16791,"comment_status":"open","ping_status":"open","sticky":false,"template":"","format":"standard","meta":{"footnotes":""},"categories":[94],"tags":[],"class_list":["post-16792","post","type-post","status-publish","format-standard","has-post-thumbnail","hentry","category-notas-noticias"],"_links":{"self":[{"href":"https:\/\/portal.sma.gob.cl\/index.php\/wp-json\/wp\/v2\/posts\/16792","targetHints":{"allow":["GET"]}}],"collection":[{"href":"https:\/\/portal.sma.gob.cl\/index.php\/wp-json\/wp\/v2\/posts"}],"about":[{"href":"https:\/\/portal.sma.gob.cl\/index.php\/wp-json\/wp\/v2\/types\/post"}],"author":[{"embeddable":true,"href":"https:\/\/portal.sma.gob.cl\/index.php\/wp-json\/wp\/v2\/users\/3"}],"replies":[{"embeddable":true,"href":"https:\/\/portal.sma.gob.cl\/index.php\/wp-json\/wp\/v2\/comments?post=16792"}],"version-history":[{"count":0,"href":"https:\/\/portal.sma.gob.cl\/index.php\/wp-json\/wp\/v2\/posts\/16792\/revisions"}],"wp:featuredmedia":[{"embeddable":true,"href":"https:\/\/portal.sma.gob.cl\/index.php\/wp-json\/wp\/v2\/media\/16791"}],"wp:attachment":[{"href":"https:\/\/portal.sma.gob.cl\/index.php\/wp-json\/wp\/v2\/media?parent=16792"}],"wp:term":[{"taxonomy":"category","embeddable":true,"href":"https:\/\/portal.sma.gob.cl\/index.php\/wp-json\/wp\/v2\/categories?post=16792"},{"taxonomy":"post_tag","embeddable":true,"href":"https:\/\/portal.sma.gob.cl\/index.php\/wp-json\/wp\/v2\/tags?post=16792"}],"curies":[{"name":"wp","href":"https:\/\/api.w.org\/{rel}","templated":true}]}}