{"id":16798,"date":"2017-08-23T19:10:16","date_gmt":"2017-08-23T19:10:16","guid":{"rendered":"https:\/\/portal.sma.gob.cl\/index.php\/2017\/08\/23\/sma-inaugura-su-oficina-regional-del-coquimbo\/"},"modified":"2017-08-23T19:10:16","modified_gmt":"2017-08-23T19:10:16","slug":"sma-inaugura-su-oficina-regional-del-coquimbo","status":"publish","type":"post","link":"https:\/\/portal.sma.gob.cl\/index.php\/sma-inaugura-su-oficina-regional-del-coquimbo\/","title":{"rendered":"SMA inaugura su Oficina Regional del Coquimbo"},"content":{"rendered":"<p style=\"text-align: justify;\">&nbsp;<img decoding=\"async\" class=\"size-auto size-full wp-image-16797\" src=\"https:\/\/portal.sma.gob.cl\/wp-content\/uploads\/2017\/08\/nota_inaugacion.jpg\" alt=\"nota inaugacion\" width=\"760\" height=\"360\" srcset=\"https:\/\/portal.sma.gob.cl\/wp-content\/uploads\/2017\/08\/nota_inaugacion-200x95.jpg 200w, https:\/\/portal.sma.gob.cl\/wp-content\/uploads\/2017\/08\/nota_inaugacion-300x142.jpg 300w, https:\/\/portal.sma.gob.cl\/wp-content\/uploads\/2017\/08\/nota_inaugacion-400x189.jpg 400w, https:\/\/portal.sma.gob.cl\/wp-content\/uploads\/2017\/08\/nota_inaugacion-600x284.jpg 600w, https:\/\/portal.sma.gob.cl\/wp-content\/uploads\/2017\/08\/nota_inaugacion.jpg 760w\" sizes=\"(max-width: 760px) 100vw, 760px\" \/><\/p>\n<p style=\"text-align: justify;\"><strong>Siguiendo con su despliegue regional, la SMA abri\u00f3 su d\u00e9cimo segunda oficina en La Serena.<\/strong><\/p>\n<p>  <!--more-->  <\/p>\n<p style=\"text-align: justify;\"><strong>La Serena, 22 de agosto de 2017.<\/strong> El Superintendente del Medio Ambiente, Cristi\u00e1n Franz, inaugur\u00f3 este mediod\u00eda la d\u00e9cimo segunda oficina regional de la Superintendencia del Medio Ambiente en La Serena, capital de la Regi\u00f3n de Coquimbo.<\/p>\n<p style=\"text-align: justify;\"><em>\u201cHoy estamos dando un gran paso para nuestra instituci\u00f3n y un gran paso para esta Regi\u00f3n, materializando el compromiso establecido en el programa de Gobierno de la Presidenta de la Rep\u00fablica, Michelle Bachelet, respecto de la instalaci\u00f3n de la SMA en todas las regiones del pa\u00eds\u201d<\/em>, dijo Franz al inaugurar el evento.<\/p>\n<p style=\"text-align: justify;\">El Superintendente a\u00f1adi\u00f3 que si bien la SMA opera desde 2013, antes no contaba con un equipo de trabajo en la zona.<em> \u201cUna oficina en la regi\u00f3n les permite a los vecinos de La Serena, Coquimbo y sus alrededores acercarse a la SMA, no s\u00f3lo a hacer denuncias, sino a informarse de nuestro actuar fiscalizador y sancionador. Obviamente, tambi\u00e9n es un lugar donde empresas y sus representantes encontrar\u00e1n asistencia al cumplimiento\u201d<\/em>, expres\u00f3 Franz.<\/p>\n<p style=\"text-align: justify;\">En la oportunidad, se present\u00f3 a Julio N\u00fa\u00f1ez, el nuevo jefe de la oficina regional. N\u00fa\u00f1ez es ingeniero agr\u00f3nomo de la Universidad de La Serena y adem\u00e1s posee estudios de Mag\u00edster en Gesti\u00f3n Ambiental de la Universidad Cat\u00f3lica del Norte. La nueva oficina adem\u00e1s estar\u00e1 conformada por dos fiscalizadores y una administrativo. La direcci\u00f3n de las dependencias de la SMA es Calle Los Carrera 330, piso 2, sector C-C.<\/p>\n<p style=\"text-align: justify;\">Cabe recordar que la SMA es el organismo encargado de la fiscalizaci\u00f3n y sanci\u00f3n ambiental respecto de las Resoluciones de Calificaci\u00f3n Ambiental, las Normas de Emisi\u00f3n, Normas de Calidad y Planes de Descontaminaci\u00f3n.<\/p>\n<p style=\"text-align: justify;\"><strong>Actividades de la SMA en la regi\u00f3n<\/strong><br \/>\u2028La Regi\u00f3n de Coquimbo cuenta con 424 Unidades Fiscalizables, definidas como instalaciones reguladas por uno o m\u00e1s instrumentos de gesti\u00f3n ambiental de competencia de la SMA. La miner\u00eda (16%) y los proyectos de equipamiento (14%) lideran las actividades de la regi\u00f3n que deben cumplir con la normativa. Estos mismos sectores lideran la cantidad de fiscalizaciones realizadas, a los que se suman el sector energ\u00e9tico y las instalaciones agroindustriales.<\/p>\n<p style=\"text-align: justify;\">Desde que comenz\u00f3 sus operaciones en 2013, hasta la fecha, la SMA ha iniciado 13 procesos sancionatorios en la regi\u00f3n, entre los que destacan procesos contra mineras, empresas agroindustriales y de energ\u00eda. En total, se han cursado multas por 2.841 Unidades Tributarias Anuales (UTA), equivalentes a casi $1.600 millones.<\/p>\n<p style=\"text-align: justify;\">Adem\u00e1s, en nueve casos existen procedimientos sancionatorios donde el titular, reconociendo las infracciones cometidas, ha presentado Programas de Cumplimiento, que son planes con acciones y metas concretas, que les permiten volver al cumplimiento ambiental.<\/p>\n","protected":false},"excerpt":{"rendered":"<p>&nbsp; Siguiendo con su despliegue regional, la SMA abri\u00f3 su d\u00e9cimo segunda oficina en La Serena.<\/p>\n","protected":false},"author":3,"featured_media":16797,"comment_status":"open","ping_status":"open","sticky":false,"template":"","format":"standard","meta":{"footnotes":""},"categories":[90],"tags":[],"class_list":["post-16798","post","type-post","status-publish","format-standard","has-post-thumbnail","hentry","category-comunicados-noticias"],"_links":{"self":[{"href":"https:\/\/portal.sma.gob.cl\/index.php\/wp-json\/wp\/v2\/posts\/16798","targetHints":{"allow":["GET"]}}],"collection":[{"href":"https:\/\/portal.sma.gob.cl\/index.php\/wp-json\/wp\/v2\/posts"}],"about":[{"href":"https:\/\/portal.sma.gob.cl\/index.php\/wp-json\/wp\/v2\/types\/post"}],"author":[{"embeddable":true,"href":"https:\/\/portal.sma.gob.cl\/index.php\/wp-json\/wp\/v2\/users\/3"}],"replies":[{"embeddable":true,"href":"https:\/\/portal.sma.gob.cl\/index.php\/wp-json\/wp\/v2\/comments?post=16798"}],"version-history":[{"count":0,"href":"https:\/\/portal.sma.gob.cl\/index.php\/wp-json\/wp\/v2\/posts\/16798\/revisions"}],"wp:featuredmedia":[{"embeddable":true,"href":"https:\/\/portal.sma.gob.cl\/index.php\/wp-json\/wp\/v2\/media\/16797"}],"wp:attachment":[{"href":"https:\/\/portal.sma.gob.cl\/index.php\/wp-json\/wp\/v2\/media?parent=16798"}],"wp:term":[{"taxonomy":"category","embeddable":true,"href":"https:\/\/portal.sma.gob.cl\/index.php\/wp-json\/wp\/v2\/categories?post=16798"},{"taxonomy":"post_tag","embeddable":true,"href":"https:\/\/portal.sma.gob.cl\/index.php\/wp-json\/wp\/v2\/tags?post=16798"}],"curies":[{"name":"wp","href":"https:\/\/api.w.org\/{rel}","templated":true}]}}