{"id":16801,"date":"2017-08-25T16:09:07","date_gmt":"2017-08-25T16:09:07","guid":{"rendered":"https:\/\/portal.sma.gob.cl\/index.php\/2017\/08\/25\/region-de-los-rios-oficina-regional-capacita-a-encargados-ambientales-municipales\/"},"modified":"2017-08-25T16:09:07","modified_gmt":"2017-08-25T16:09:07","slug":"region-de-los-rios-oficina-regional-capacita-a-encargados-ambientales-municipales","status":"publish","type":"post","link":"https:\/\/portal.sma.gob.cl\/index.php\/region-de-los-rios-oficina-regional-capacita-a-encargados-ambientales-municipales\/","title":{"rendered":"REGI\u00d3N DE LOS RIOS: Oficina regional capacita a encargados ambientales municipales"},"content":{"rendered":"<p style=\"text-align: justify;\"><strong><img decoding=\"async\" class=\"size-auto size-full wp-image-16800\" src=\"https:\/\/portal.sma.gob.cl\/wp-content\/uploads\/2017\/08\/Nota-Taller_Valdivia.jpg\" alt=\"Nota-Taller Valdivia\" width=\"760\" height=\"360\" srcset=\"https:\/\/portal.sma.gob.cl\/wp-content\/uploads\/2017\/08\/Nota-Taller_Valdivia-200x95.jpg 200w, https:\/\/portal.sma.gob.cl\/wp-content\/uploads\/2017\/08\/Nota-Taller_Valdivia-300x142.jpg 300w, https:\/\/portal.sma.gob.cl\/wp-content\/uploads\/2017\/08\/Nota-Taller_Valdivia-400x189.jpg 400w, https:\/\/portal.sma.gob.cl\/wp-content\/uploads\/2017\/08\/Nota-Taller_Valdivia-600x284.jpg 600w, https:\/\/portal.sma.gob.cl\/wp-content\/uploads\/2017\/08\/Nota-Taller_Valdivia.jpg 760w\" sizes=\"(max-width: 760px) 100vw, 760px\" \/><\/strong><\/p>\n<p style=\"text-align: justify;\"><strong>Funcionarios de 10 municipios de la Regi\u00f3n de Los R\u00edos participaron en el taller que explic\u00f3 las funciones de la SMA, y tambi\u00e9n revis\u00f3 el rol de las reparticiones municipales en el \u00e1rea ambiental.<\/strong><\/p>\n<p>  <!--more-->  <\/p>\n<p style=\"text-align: justify;\"><strong>Valdivia, 23 de agosto de 2017.<\/strong> La Oficina Regional de Los R\u00edos de la Superintendencia del Medio Ambiente (SMA), realiz\u00f3 en la ciudad de Valdivia una capacitaci\u00f3n a los Encargados Ambientales de las Municipalidades dicha regi\u00f3n. A la actividad asistieron funcionarios de las municipalidades de Valdivia, Lanco, Mafil, Los Laos, Corral, Paillaco, La Uni\u00f3n, R\u00edo Bueno, de Lago Ranco, y de Futrono.<\/p>\n<p style=\"text-align: justify;\">En la oportunidad se abordaron temas como el rol de las Municipalidades en la gesti\u00f3n ambiental, facultades y atribuciones de la SMA, el proceso de fiscalizaci\u00f3n y el aporte que pueden realizar los municipios \u2013a trav\u00e9s de ordenanzas municipales y su activo rol en el otorgamiento de patentes-, adem\u00e1s de las denuncias municipales en materia ambiental. Se resolvieron dudas y se aprovech\u00f3 la instancia para revisar casos locales.<\/p>\n<p style=\"text-align: justify;\">Los encargados ambientales de cada regi\u00f3n se mostraron entusiasmados y motivados con la actividad, comprometiendo una mayor coordinaci\u00f3n con la SMA, en tanto el equipo regional se comprometi\u00f3 a continuar con estas capacitaciones, una comunicaci\u00f3n directa con los encargados ambientales, y en caso de ser necesario, facilitar equipos de medici\u00f3n y monitoreo, a trav\u00e9s de convenios con dichas municipalidades, los cuales est\u00e1n operando en diversas zonas del pa\u00eds para la fiscalizaci\u00f3n de la Norma de Ruidos.<\/p>\n<p style=\"text-align: justify;\">En la oportunidad el Jefe de la Oficina Eduardo Rodr\u00edguez se\u00f1al\u00f3 \u201clas municipalidades ejercen un rol fundamental en el \u00e1mbito local, ello porque siempre estar\u00e1n m\u00e1s cerca de los vecinos o de la situaci\u00f3n de riesgo ambiental, por lo que incorporarlos en nuestras actividades de fiscalizaci\u00f3n nos brinda un valor agregado\u201d.<\/p>\n","protected":false},"excerpt":{"rendered":"<p>Funcionarios de 10 municipios de la Regi\u00f3n de Los R\u00edos participaron en el taller que explic\u00f3 las funciones de la SMA, y tambi\u00e9n revis\u00f3 el rol de las reparticiones municipales en el \u00e1rea ambiental.<\/p>\n","protected":false},"author":3,"featured_media":16799,"comment_status":"open","ping_status":"open","sticky":false,"template":"","format":"standard","meta":{"footnotes":""},"categories":[94],"tags":[],"class_list":["post-16801","post","type-post","status-publish","format-standard","has-post-thumbnail","hentry","category-notas-noticias"],"_links":{"self":[{"href":"https:\/\/portal.sma.gob.cl\/index.php\/wp-json\/wp\/v2\/posts\/16801","targetHints":{"allow":["GET"]}}],"collection":[{"href":"https:\/\/portal.sma.gob.cl\/index.php\/wp-json\/wp\/v2\/posts"}],"about":[{"href":"https:\/\/portal.sma.gob.cl\/index.php\/wp-json\/wp\/v2\/types\/post"}],"author":[{"embeddable":true,"href":"https:\/\/portal.sma.gob.cl\/index.php\/wp-json\/wp\/v2\/users\/3"}],"replies":[{"embeddable":true,"href":"https:\/\/portal.sma.gob.cl\/index.php\/wp-json\/wp\/v2\/comments?post=16801"}],"version-history":[{"count":0,"href":"https:\/\/portal.sma.gob.cl\/index.php\/wp-json\/wp\/v2\/posts\/16801\/revisions"}],"wp:featuredmedia":[{"embeddable":true,"href":"https:\/\/portal.sma.gob.cl\/index.php\/wp-json\/wp\/v2\/media\/16799"}],"wp:attachment":[{"href":"https:\/\/portal.sma.gob.cl\/index.php\/wp-json\/wp\/v2\/media?parent=16801"}],"wp:term":[{"taxonomy":"category","embeddable":true,"href":"https:\/\/portal.sma.gob.cl\/index.php\/wp-json\/wp\/v2\/categories?post=16801"},{"taxonomy":"post_tag","embeddable":true,"href":"https:\/\/portal.sma.gob.cl\/index.php\/wp-json\/wp\/v2\/tags?post=16801"}],"curies":[{"name":"wp","href":"https:\/\/api.w.org\/{rel}","templated":true}]}}