{"id":16803,"date":"2017-08-25T18:55:51","date_gmt":"2017-08-25T18:55:51","guid":{"rendered":"https:\/\/portal.sma.gob.cl\/index.php\/2017\/08\/25\/procuraduria-federal-de-proteccion-ambiental-de-mexico-invita-a-superintendente-franz-a-celebracion-de-sus-25-anos\/"},"modified":"2017-08-25T18:55:51","modified_gmt":"2017-08-25T18:55:51","slug":"procuraduria-federal-de-proteccion-ambiental-de-mexico-invita-a-superintendente-franz-a-celebracion-de-sus-25-anos","status":"publish","type":"post","link":"https:\/\/portal.sma.gob.cl\/index.php\/procuraduria-federal-de-proteccion-ambiental-de-mexico-invita-a-superintendente-franz-a-celebracion-de-sus-25-anos\/","title":{"rendered":"Procuradur\u00eda Federal de Protecci\u00f3n Ambiental de M\u00e9xico invita a Superintendente Franz a celebraci\u00f3n de sus 25 a\u00f1os"},"content":{"rendered":"<p style=\"text-align: justify;\"><strong style=\"font-size: 12.16px;\"><img decoding=\"async\" class=\"size-auto size-full wp-image-16802\" src=\"https:\/\/portal.sma.gob.cl\/wp-content\/uploads\/2017\/08\/nota_procur.jpg\" alt=\"nota procur\" width=\"760\" height=\"360\" srcset=\"https:\/\/portal.sma.gob.cl\/wp-content\/uploads\/2017\/08\/nota_procur-200x95.jpg 200w, https:\/\/portal.sma.gob.cl\/wp-content\/uploads\/2017\/08\/nota_procur-300x142.jpg 300w, https:\/\/portal.sma.gob.cl\/wp-content\/uploads\/2017\/08\/nota_procur-400x189.jpg 400w, https:\/\/portal.sma.gob.cl\/wp-content\/uploads\/2017\/08\/nota_procur-600x284.jpg 600w, https:\/\/portal.sma.gob.cl\/wp-content\/uploads\/2017\/08\/nota_procur.jpg 760w\" sizes=\"(max-width: 760px) 100vw, 760px\" \/><\/strong><\/p>\n<p style=\"text-align: justify;\"><strong style=\"font-size: 12.16px;\">La entidad mexicana es la encargada de las pol\u00edticas p\u00fablicas relacionadas con la contaminaci\u00f3n del aire y el suelo, y la preservaci\u00f3n de recursos naturales.<\/strong><\/p>\n<p>  <!--more-->  <\/p>\n<p style=\"text-align: justify;\"><strong>Monterrey, M\u00e9xico, 25 de agosto de 2017.<\/strong> El Superintendente del Medio Ambiente, Cristi\u00e1n Franz, fue el invitado de honor en la celebraci\u00f3n de los 25 a\u00f1os de la Procuradur\u00eda Federal de Protecci\u00f3n Ambiental (PROFEPA) de M\u00e9xico. En el evento, realizado en el Campus Universitario del Instituto Tecnol\u00f3gico de Monterrey, el Superintendente expuso sobre el modelo chileno de fiscalizaci\u00f3n ambiental.<\/p>\n<p style=\"text-align: justify;\">Franz expuso los avances de la SMA en sus cinco a\u00f1os de vida institucional, explicando c\u00f3mo se articula el modelo de fiscalizaci\u00f3n ambiental estrat\u00e9gica, como tambi\u00e9n el modelo sancionatorio del organismo.<\/p>\n<p style=\"text-align: justify;\">La Procuradur\u00eda Federal de Protecci\u00f3n al Ambiente, PROFEPA, es un \u00f3rgano administrativo desconcentrado de la Secretar\u00eda de Medio Ambiente y Recursos Naturales (SEMARNAT) de M\u00e9xico, y cuenta con autonom\u00eda t\u00e9cnica y operativa. Su creaci\u00f3n se realiz\u00f3 el a\u00f1o 1992 y tiene como tarea principal incrementar los niveles de observancia de la normatividad ambiental, a fin de contribuir al desarrollo sustentable y hacer cumplir las leyes en materia ambiental.<\/p>\n<p style=\"text-align: justify;\">La misi\u00f3n de PROFEPA es procurar la justicia ambiental mediante la aplicaci\u00f3n y cumplimiento efectivo, eficiente, expedito y transparente de la legislaci\u00f3n ambiental federal vigente a trav\u00e9s de la atenci\u00f3n a la denuncia popular y mediante acciones de inspecci\u00f3n, verificaci\u00f3n, vigilancia y uso de instrumentos voluntarios. Garantizar la protecci\u00f3n de los recursos naturales y el capital natural privilegiando el enfoque preventivo sobre el correctivo as\u00ed como las acciones de participaci\u00f3n social.<\/p>\n","protected":false},"excerpt":{"rendered":"<p>La entidad mexicana es la encargada de las pol\u00edticas p\u00fablicas relacionadas con la contaminaci\u00f3n del aire y el suelo, y la preservaci\u00f3n de recursos naturales.<\/p>\n","protected":false},"author":3,"featured_media":16802,"comment_status":"open","ping_status":"open","sticky":false,"template":"","format":"standard","meta":{"footnotes":""},"categories":[94],"tags":[],"class_list":["post-16803","post","type-post","status-publish","format-standard","has-post-thumbnail","hentry","category-notas-noticias"],"_links":{"self":[{"href":"https:\/\/portal.sma.gob.cl\/index.php\/wp-json\/wp\/v2\/posts\/16803","targetHints":{"allow":["GET"]}}],"collection":[{"href":"https:\/\/portal.sma.gob.cl\/index.php\/wp-json\/wp\/v2\/posts"}],"about":[{"href":"https:\/\/portal.sma.gob.cl\/index.php\/wp-json\/wp\/v2\/types\/post"}],"author":[{"embeddable":true,"href":"https:\/\/portal.sma.gob.cl\/index.php\/wp-json\/wp\/v2\/users\/3"}],"replies":[{"embeddable":true,"href":"https:\/\/portal.sma.gob.cl\/index.php\/wp-json\/wp\/v2\/comments?post=16803"}],"version-history":[{"count":0,"href":"https:\/\/portal.sma.gob.cl\/index.php\/wp-json\/wp\/v2\/posts\/16803\/revisions"}],"wp:featuredmedia":[{"embeddable":true,"href":"https:\/\/portal.sma.gob.cl\/index.php\/wp-json\/wp\/v2\/media\/16802"}],"wp:attachment":[{"href":"https:\/\/portal.sma.gob.cl\/index.php\/wp-json\/wp\/v2\/media?parent=16803"}],"wp:term":[{"taxonomy":"category","embeddable":true,"href":"https:\/\/portal.sma.gob.cl\/index.php\/wp-json\/wp\/v2\/categories?post=16803"},{"taxonomy":"post_tag","embeddable":true,"href":"https:\/\/portal.sma.gob.cl\/index.php\/wp-json\/wp\/v2\/tags?post=16803"}],"curies":[{"name":"wp","href":"https:\/\/api.w.org\/{rel}","templated":true}]}}