{"id":16805,"date":"2017-08-25T19:19:04","date_gmt":"2017-08-25T19:19:04","guid":{"rendered":"https:\/\/portal.sma.gob.cl\/index.php\/2017\/08\/25\/la-serena-sma-realiza-exitosa-jornada-de-capacitacion-sobre-la-norma-luminica\/"},"modified":"2017-08-25T19:19:04","modified_gmt":"2017-08-25T19:19:04","slug":"la-serena-sma-realiza-exitosa-jornada-de-capacitacion-sobre-la-norma-luminica","status":"publish","type":"post","link":"https:\/\/portal.sma.gob.cl\/index.php\/la-serena-sma-realiza-exitosa-jornada-de-capacitacion-sobre-la-norma-luminica\/","title":{"rendered":"LA SERENA: SMA realiza exitosa jornada de capacitaci\u00f3n sobre la norma lum\u00ednica"},"content":{"rendered":"<p style=\"text-align: justify;\"><strong><img decoding=\"async\" class=\"size-auto size-full wp-image-16804\" src=\"https:\/\/portal.sma.gob.cl\/wp-content\/uploads\/2017\/08\/NOTA-tallerfinal.jpg\" alt=\"NOTA-tallerfinal\" width=\"760\" height=\"360\" srcset=\"https:\/\/portal.sma.gob.cl\/wp-content\/uploads\/2017\/08\/NOTA-tallerfinal-200x95.jpg 200w, https:\/\/portal.sma.gob.cl\/wp-content\/uploads\/2017\/08\/NOTA-tallerfinal-300x142.jpg 300w, https:\/\/portal.sma.gob.cl\/wp-content\/uploads\/2017\/08\/NOTA-tallerfinal-400x189.jpg 400w, https:\/\/portal.sma.gob.cl\/wp-content\/uploads\/2017\/08\/NOTA-tallerfinal-600x284.jpg 600w, https:\/\/portal.sma.gob.cl\/wp-content\/uploads\/2017\/08\/NOTA-tallerfinal.jpg 760w\" sizes=\"(max-width: 760px) 100vw, 760px\" \/>La actividad se llev\u00f3 a cabo en la capital regional de Coquimbo y cont\u00f3 con la participaci\u00f3n de m\u00e1s de 50 profesionales de servicios p\u00fablicos, municipios, consultoras, empresas afectas a la norma y p\u00fablico en general.<\/strong><\/p>\n<p>  <!--more-->  <\/p>\n<p style=\"text-align: justify;\"><strong>La Serena, 22 de agosto de 2017.<\/strong> La Superintendencia del Medio Ambiente convoc\u00f3 al taller \u201cCumplimiento de la Norma de Emisi\u00f3n para la regulaci\u00f3n de la Contaminaci\u00f3n Lum\u00ednica\u201d, tema regulado en el D.S. 43 de 2012 del Ministerio de Medio Ambiente.<\/p>\n<p style=\"text-align: justify;\">La actividad cont\u00f3 con seis charlas de especialistas del mundo astron\u00f3mico, de las ciencias, y desde la regulaci\u00f3n ambiental y su fiscalizaci\u00f3n, y ten\u00eda por objetivo dar a conocer los alcances de la normativa, su importancia del cumplimiento para preservar la oscuridad de los cielos y permitir la observaci\u00f3n astron\u00f3mica, y tambi\u00e9n, entreg\u00f3 consejos pr\u00e1cticos para la instalaci\u00f3n de luminarias y c\u00f3mo medir la luz. Para ello, la jornada termin\u00f3 con una hora de explicaci\u00f3n en terreno con luminarias instaladas especialmente para la ocasi\u00f3n y se realizaron mediciones con lux\u00f3metro para conocer y aplicar lo revisado durante el taller.<\/p>\n<p style=\"text-align: justify;\">El inicio de la actividad cont\u00f3 con las palabras del Seremi de Medio Ambiente de Coquimbo, Eduardo Fuentealba, quien destac\u00f3 la importancia de la normativa, \u201cpues la protecci\u00f3n de los cielos oscuros es fundamental para la observaci\u00f3n astron\u00f3mica, y tambi\u00e9n, seg\u00fan los \u00faltimos estudios, para la salud de las personas. Asimismo, un cielo oscuro permite a los ni\u00f1os observar las estrellas e interesarse por estos temas\u201d, expres\u00f3.<\/p>\n<p style=\"text-align: justify;\">Posteriormente, el Director del Observatorio Interamericano Cerro Tololo, Chris Smith, dio una charla explicando por qu\u00e9 los observatorios requieren de cielos oscuros, destacando que el norte chileno tiene una caracter\u00edstica casi \u00fanica en el mundo, pues m\u00e1s de 300 noches al a\u00f1o se cuenta con cielos despejados que permiten la observaci\u00f3n astron\u00f3mica. Adicionalmente, coment\u00f3 que el 50% de la capacidad de observaci\u00f3n est\u00e1 instalada en nuestro pa\u00eds, y con pr\u00f3ximas inversiones como el ELT y GMT Magallanes, entre otros, se llegar\u00e1 a un 70%.<\/p>\n<p style=\"text-align: justify;\">La segunda exposici\u00f3n estuvo a cargo de Andrea Varela, investigadora postdoctoral en ecolog\u00eda marina y manejo sustentable de islas oce\u00e1nicas de la Universidad Cat\u00f3lica del Norte, quien explic\u00f3 el impacto de la contaminaci\u00f3n lum\u00ednica en aves marinas. En las aves, el impacto de las luces de puertos o proyectos en el borde costero, provocan la alteraci\u00f3n de los niveles de luminosidad en el ambiente, lo cual provoca desorientaci\u00f3n, atracci\u00f3n hacia los focos, afecta la alimentaci\u00f3n, reproducci\u00f3n y otros aspectos del comportamiento. Estas alteraciones en los patrones naturales de luz y oscuridad, provoca serias implicancias para la ecolog\u00eda de las comunidades de aves, teniendo como uno de los efectos m\u00e1s severos, la mortalidad en masa de las especies. Adem\u00e1s, el exceso de luminosidad durante la noche tambi\u00e9n afecta a otros animales, como las tortugas, que anidan sus huevos en la playa, y que con mucha iluminaci\u00f3n, en vez de regresar al mar, se ven atra\u00eddas hacia los focos, lo cual cambia su ciclo vital y provoca la muerte de las especies.<\/p>\n<p style=\"text-align: justify;\">El tercer bloque del taller estuvo a cargo de Igor Valdebenito, jefe del departamento de Ruido, Lum\u00ednica y Olores del Ministerio de Medio Ambiente, quien tuvo a su cargo la exposici\u00f3n de la evoluci\u00f3n normativa relativa a la lum\u00ednica en Chile. Explic\u00f3 que la primera norma de emisi\u00f3n para regular la contaminaci\u00f3n lum\u00ednica se cre\u00f3 en 1998 a trav\u00e9s del D.S. 686 del Ministerio de Econom\u00eda, y su fiscalizaci\u00f3n estuvo a cargo de la Superintendencia de Electricidad y Combustibles (SEC), organismo encargado de la certificaci\u00f3n de luminaria en Laboratorios Autorizados, como tambi\u00e9n de la verificaci\u00f3n de la correcta instalaci\u00f3n de la misma.<\/p>\n<p style=\"text-align: justify;\">Valdebenito explic\u00f3 que con el paso de los a\u00f1os, y la evoluci\u00f3n de las tecnolog\u00edas LED, se hizo necesaria la modificaci\u00f3n de la norma y se cre\u00f3 el D.S. 43 de 2012 del Ministerio del Medio Ambiente, que introdujo algunas modificaciones, como el restringir la emisi\u00f3n lum\u00ednica hacia el hemisferio superior, restringir el espectro, limitaciones a la reflexi\u00f3n de la luz, y se cre\u00f3 una separaci\u00f3n en la clasificaci\u00f3n de letreros publicitarios, distinguiendo los iluminados (con alg\u00fan tipo de l\u00e1mpara) de los luminosos, como las pantallas LED.<\/p>\n<p style=\"text-align: justify;\">La cuarta exposici\u00f3n estuvo a cargo de Felipe Loaiza, fiscalizador especialista en norma lum\u00ednica de la Superintendencia del Medio Ambiente, quien explic\u00f3 los alcances de la norma que regula el alumbrado exterior, incluyendo el alumbrado ambiental, deportivo y recreacional, funcional, industrial, ornamental y decorativo. Asimismo, tambi\u00e9n coment\u00f3 que existen exclusiones a la norma, como por ejemplo: la iluminaci\u00f3n por combusti\u00f3n a gas natural u otros combustibles, las luminarias destinadas a la iluminaci\u00f3n ornamental para festividades, siempre que no se excedan los 1500 lumenes por cada l\u00e1mpara, las luminarias de los veh\u00edculos motorizados, las l\u00e1mparas de emergencia, la iluminaci\u00f3n de espacios cerrados, entre otros.<\/p>\n<p style=\"text-align: justify;\">Loaiza tambi\u00e9n explic\u00f3 que la norma establece l\u00edmites a la emisi\u00f3n de iluminancia de avisos y letreros; l\u00edmites a la emisi\u00f3n por reflexi\u00f3n; de radiancia espectral, que imita la composici\u00f3n de frecuencias de la luz emitida, concentr\u00e1ndose en el rango de luz visible; l\u00edmites de emisi\u00f3n de intensidad luminosa m\u00e1xima, que prohibe la proyecci\u00f3n de luz hacia el cielo; l\u00edmites de emisi\u00f3n de intensidad luminosa m\u00e1xima \u2013 alumbrado deportivo y recreacional, donde se fija un l\u00edmite de 10 cd\/Klm de l\u00e1mpara y deber\u00e1 contar con un paralumen.<\/p>\n<p style=\"text-align: justify;\">La actividad finaliz\u00f3 con una exposici\u00f3n de Denis Riquelme, docente Departamento de Electrotecnia e Inform\u00e1tica de la Universidad T\u00e9cnica Federco Santa Maria, quien explic\u00f3 la clasificaci\u00f3n de las fuentes luminosas, los m\u00e9todos para medir la iluminancia, la temperatura de color, y termin\u00f3 su charla con una medici\u00f3n t\u00e9cnica en terreno para medir la iluminancia de luminarias de tecnolog\u00eda LED, instaladas para la ocasi\u00f3n, en postes p\u00fablicos ubicados en la calle Los N\u00edsperos de La Serena, para mostrar en terreno c\u00f3mo debe realizarse correctamente la medici\u00f3n.<\/p>\n<p style=\"text-align: justify;\">Si desea acceder a m\u00e1s detalles del taller, puede descargar las presentaciones en los siguientes links:<\/p>\n<p style=\"text-align: justify;\"><a class=\"doclink\" href=\"index.php?option=com_docman&amp;task=doc_download&amp;gid=614&amp;Itemid=280\"><img decoding=\"async\" class=\" size-full wp-image-15480\" src=\"https:\/\/portal.sma.gob.cl\/wp-content\/uploads\/2012\/07\/pdf.png\" alt=\"icon\" border=\"0\" width=\"16\" height=\"16\" \/>&nbsp;01-C.Smith-Light Pollution<\/a><\/p>\n<p style=\"text-align: justify;\"><a class=\"doclink\" href=\"index.php?option=com_docman&amp;task=doc_download&amp;gid=615&amp;Itemid=280\"><img decoding=\"async\" class=\" size-full wp-image-15480\" src=\"https:\/\/portal.sma.gob.cl\/wp-content\/uploads\/2012\/07\/pdf.png\" alt=\"icon\" border=\"0\" width=\"16\" height=\"16\" \/>&nbsp;02-A.Varela-Contaminaci\u00f3n Lum\u00ednica en Aves<\/a><\/p>\n<p style=\"text-align: justify;\"><a class=\"doclink\" href=\"index.php?option=com_docman&amp;task=doc_download&amp;gid=616&amp;Itemid=280\"><img decoding=\"async\" class=\" size-full wp-image-15480\" src=\"https:\/\/portal.sma.gob.cl\/wp-content\/uploads\/2012\/07\/pdf.png\" alt=\"icon\" border=\"0\" width=\"16\" height=\"16\" \/>&nbsp;03-I. Valdebenito (MMA)-Protecci\u00f3n del Cielo Nocturno<\/a><\/p>\n<p style=\"text-align: justify;\"><a class=\"doclink\" href=\"index.php?option=com_docman&amp;task=doc_download&amp;gid=617&amp;Itemid=280\"><img decoding=\"async\" class=\" size-full wp-image-15480\" src=\"https:\/\/portal.sma.gob.cl\/wp-content\/uploads\/2012\/07\/pdf.png\" alt=\"icon\" border=\"0\" width=\"16\" height=\"16\" \/>&nbsp;04-F.Loaiza (SMA) Fiscalizaci\u00f3n norma lum\u00ednica<\/a><\/p>\n<p style=\"text-align: justify;\"><a class=\"doclink\" href=\"index.php?option=com_docman&amp;task=doc_download&amp;gid=618&amp;Itemid=280\"><img decoding=\"async\" class=\" size-full wp-image-15480\" src=\"https:\/\/portal.sma.gob.cl\/wp-content\/uploads\/2012\/07\/pdf.png\" alt=\"icon\" border=\"0\" width=\"16\" height=\"16\" \/>&nbsp;05-D.Riquelme (UTFSM)-Norma lum\u00ednica<\/a><\/p>\n","protected":false},"excerpt":{"rendered":"<p>La actividad se llev\u00f3 a cabo en la capital regional de Coquimbo y cont\u00f3 con la participaci\u00f3n de m\u00e1s de 50 profesionales de servicios p\u00fablicos, municipios, consultoras, empresas afectas a la norma y p\u00fablico en general.<\/p>\n","protected":false},"author":3,"featured_media":16804,"comment_status":"open","ping_status":"open","sticky":false,"template":"","format":"standard","meta":{"footnotes":""},"categories":[90],"tags":[],"class_list":["post-16805","post","type-post","status-publish","format-standard","has-post-thumbnail","hentry","category-comunicados-noticias"],"_links":{"self":[{"href":"https:\/\/portal.sma.gob.cl\/index.php\/wp-json\/wp\/v2\/posts\/16805","targetHints":{"allow":["GET"]}}],"collection":[{"href":"https:\/\/portal.sma.gob.cl\/index.php\/wp-json\/wp\/v2\/posts"}],"about":[{"href":"https:\/\/portal.sma.gob.cl\/index.php\/wp-json\/wp\/v2\/types\/post"}],"author":[{"embeddable":true,"href":"https:\/\/portal.sma.gob.cl\/index.php\/wp-json\/wp\/v2\/users\/3"}],"replies":[{"embeddable":true,"href":"https:\/\/portal.sma.gob.cl\/index.php\/wp-json\/wp\/v2\/comments?post=16805"}],"version-history":[{"count":0,"href":"https:\/\/portal.sma.gob.cl\/index.php\/wp-json\/wp\/v2\/posts\/16805\/revisions"}],"wp:featuredmedia":[{"embeddable":true,"href":"https:\/\/portal.sma.gob.cl\/index.php\/wp-json\/wp\/v2\/media\/16804"}],"wp:attachment":[{"href":"https:\/\/portal.sma.gob.cl\/index.php\/wp-json\/wp\/v2\/media?parent=16805"}],"wp:term":[{"taxonomy":"category","embeddable":true,"href":"https:\/\/portal.sma.gob.cl\/index.php\/wp-json\/wp\/v2\/categories?post=16805"},{"taxonomy":"post_tag","embeddable":true,"href":"https:\/\/portal.sma.gob.cl\/index.php\/wp-json\/wp\/v2\/tags?post=16805"}],"curies":[{"name":"wp","href":"https:\/\/api.w.org\/{rel}","templated":true}]}}