{"id":16809,"date":"2017-09-01T13:38:14","date_gmt":"2017-09-01T13:38:14","guid":{"rendered":"https:\/\/portal.sma.gob.cl\/index.php\/2017\/09\/01\/miembros-de-la-renfa-participan-en-curso-internacional-sobre-sistemas-de-informacion-geografica-aplicada-a-la-fiscalizacion-ambiental\/"},"modified":"2017-09-01T13:38:14","modified_gmt":"2017-09-01T13:38:14","slug":"miembros-de-la-renfa-participan-en-curso-internacional-sobre-sistemas-de-informacion-geografica-aplicada-a-la-fiscalizacion-ambiental","status":"publish","type":"post","link":"https:\/\/portal.sma.gob.cl\/index.php\/miembros-de-la-renfa-participan-en-curso-internacional-sobre-sistemas-de-informacion-geografica-aplicada-a-la-fiscalizacion-ambiental\/","title":{"rendered":"Miembros de la RENFA participan en curso internacional sobre \u201cSistemas de Informaci\u00f3n Geogr\u00e1fica aplicada a la Fiscalizaci\u00f3n Ambiental\u201d"},"content":{"rendered":"<p style=\"text-align: justify;\"><strong><img decoding=\"async\" class=\"size-auto size-full wp-image-16808\" src=\"https:\/\/portal.sma.gob.cl\/wp-content\/uploads\/2017\/09\/NOTA-TALLER_OEFA.jpg\" alt=\"NOTA-TALLER OEFA\" width=\"760\" height=\"360\" srcset=\"https:\/\/portal.sma.gob.cl\/wp-content\/uploads\/2017\/09\/NOTA-TALLER_OEFA-200x95.jpg 200w, https:\/\/portal.sma.gob.cl\/wp-content\/uploads\/2017\/09\/NOTA-TALLER_OEFA-300x142.jpg 300w, https:\/\/portal.sma.gob.cl\/wp-content\/uploads\/2017\/09\/NOTA-TALLER_OEFA-400x189.jpg 400w, https:\/\/portal.sma.gob.cl\/wp-content\/uploads\/2017\/09\/NOTA-TALLER_OEFA-600x284.jpg 600w, https:\/\/portal.sma.gob.cl\/wp-content\/uploads\/2017\/09\/NOTA-TALLER_OEFA.jpg 760w\" sizes=\"(max-width: 760px) 100vw, 760px\" \/><\/strong><\/p>\n<p style=\"text-align: justify;\"><strong>Profesionales de la SMA y de Sernapesca se capacitaron en Per\u00fa durante esta semana.<\/strong><\/p>\n<p>  <!--more-->  <\/p>\n<p style=\"text-align: justify;\"><strong>Lima, 1 de septiembre de 2017.<\/strong> Hoy finaliza el curso \u201cSistemas de Informaci\u00f3n Geogr\u00e1fica Aplicada a la Fiscalizaci\u00f3n Ambiental\u201d, llevado a cabo en Lima, Per\u00fa, por parte de la Academia de Fiscalizaci\u00f3n Ambiental del Organismo de Evaluaci\u00f3n y Fiscalizaci\u00f3n Ambiental (OEFA) de dicho pa\u00eds. En dicha actividad, participaron el fiscalizador de la Oficina Regional de Antofagasta, Carlos Cares, y tambi\u00e9n Nelson Pino, funcionario de la Oficina Regional de los Lagos de Sernapesca, organismo integrante de la Red Nacional de Fiscalizaci\u00f3n Ambiental (RENFA).<\/p>\n<p style=\"text-align: justify;\">El curso internacional est\u00e1 dirigido a los profesionales del OEFA, de la Superintendencia del Medio Ambiente de Chile, del Instituto Brasile\u00f1o del Medio Ambiente y de los Recursos Naturales Renovables (IBAMA), del Ministerio del Ambiente del Ecuador, de la Autoridad Nacional de Licencias Ambientales de Colombia, de la Secretar\u00eda del Medioambiente de Paraguay y del Ministerio del Ambiente y Desarrollo Sostenible de Argentina.<\/p>\n<p style=\"text-align: justify;\">Todas estas instituciones integran la Red Sudamericana de Fiscalizaci\u00f3n y Cumplimiento Ambiental (Redsufica), creada el a\u00f1o 2013, y que busca mejorar la fiscalizaci\u00f3n y el cumplimiento ambiental de toda la regi\u00f3n de Sudam\u00e9rica, ratificando el compromiso de avanzar en la labor de protecci\u00f3n del ambiente en Sudam\u00e9rica, y fortalecer el rol de los organismos involucrados en la fiscalizaci\u00f3n y cumplimiento ambiental.<\/p>\n<p style=\"text-align: justify;\">El taller de capacitaci\u00f3n fue impartido por expertos del OEFA e IBAMA, se extendi\u00f3 entre el 28 de agosto y el viernes 1 de septiembre del presente a\u00f1o, y tiene como finalidad difundir conocimientos para el uso de la informaci\u00f3n georreferenciada en las actividades de evaluaci\u00f3n y fiscalizaci\u00f3n ambiental, abordando normativa, manejo de datos, fundamentos de teledetecci\u00f3n, an\u00e1lisis espacial y modelamiento territorial, entre otros importantes aspectos.<\/p>\n","protected":false},"excerpt":{"rendered":"<p>Profesionales de la SMA y de Sernapesca se capacitaron en Per\u00fa durante esta semana.<\/p>\n","protected":false},"author":3,"featured_media":16808,"comment_status":"open","ping_status":"open","sticky":false,"template":"","format":"standard","meta":{"footnotes":""},"categories":[94],"tags":[],"class_list":["post-16809","post","type-post","status-publish","format-standard","has-post-thumbnail","hentry","category-notas-noticias"],"_links":{"self":[{"href":"https:\/\/portal.sma.gob.cl\/index.php\/wp-json\/wp\/v2\/posts\/16809","targetHints":{"allow":["GET"]}}],"collection":[{"href":"https:\/\/portal.sma.gob.cl\/index.php\/wp-json\/wp\/v2\/posts"}],"about":[{"href":"https:\/\/portal.sma.gob.cl\/index.php\/wp-json\/wp\/v2\/types\/post"}],"author":[{"embeddable":true,"href":"https:\/\/portal.sma.gob.cl\/index.php\/wp-json\/wp\/v2\/users\/3"}],"replies":[{"embeddable":true,"href":"https:\/\/portal.sma.gob.cl\/index.php\/wp-json\/wp\/v2\/comments?post=16809"}],"version-history":[{"count":0,"href":"https:\/\/portal.sma.gob.cl\/index.php\/wp-json\/wp\/v2\/posts\/16809\/revisions"}],"wp:featuredmedia":[{"embeddable":true,"href":"https:\/\/portal.sma.gob.cl\/index.php\/wp-json\/wp\/v2\/media\/16808"}],"wp:attachment":[{"href":"https:\/\/portal.sma.gob.cl\/index.php\/wp-json\/wp\/v2\/media?parent=16809"}],"wp:term":[{"taxonomy":"category","embeddable":true,"href":"https:\/\/portal.sma.gob.cl\/index.php\/wp-json\/wp\/v2\/categories?post=16809"},{"taxonomy":"post_tag","embeddable":true,"href":"https:\/\/portal.sma.gob.cl\/index.php\/wp-json\/wp\/v2\/tags?post=16809"}],"curies":[{"name":"wp","href":"https:\/\/api.w.org\/{rel}","templated":true}]}}