{"id":16811,"date":"2017-09-01T19:16:49","date_gmt":"2017-09-01T19:16:49","guid":{"rendered":"https:\/\/portal.sma.gob.cl\/index.php\/2017\/09\/01\/se-celebra-tercera-sesion-del-ano-del-consejo-de-la-sociedad-civil-de-la-sma\/"},"modified":"2017-09-01T19:16:49","modified_gmt":"2017-09-01T19:16:49","slug":"se-celebra-tercera-sesion-del-ano-del-consejo-de-la-sociedad-civil-de-la-sma","status":"publish","type":"post","link":"https:\/\/portal.sma.gob.cl\/index.php\/se-celebra-tercera-sesion-del-ano-del-consejo-de-la-sociedad-civil-de-la-sma\/","title":{"rendered":"Se celebra tercera sesi\u00f3n del a\u00f1o del Consejo de la Sociedad Civil de la SMA"},"content":{"rendered":"<p style=\"text-align: justify;\"><strong><img decoding=\"async\" class=\"size-auto size-full wp-image-16810\" src=\"https:\/\/portal.sma.gob.cl\/wp-content\/uploads\/2017\/09\/NOTA-consejo_soc_civil.jpg\" alt=\"NOTA-consejo soc civil\" width=\"760\" height=\"360\" srcset=\"https:\/\/portal.sma.gob.cl\/wp-content\/uploads\/2017\/09\/NOTA-consejo_soc_civil-200x95.jpg 200w, https:\/\/portal.sma.gob.cl\/wp-content\/uploads\/2017\/09\/NOTA-consejo_soc_civil-300x142.jpg 300w, https:\/\/portal.sma.gob.cl\/wp-content\/uploads\/2017\/09\/NOTA-consejo_soc_civil-400x189.jpg 400w, https:\/\/portal.sma.gob.cl\/wp-content\/uploads\/2017\/09\/NOTA-consejo_soc_civil-600x284.jpg 600w, https:\/\/portal.sma.gob.cl\/wp-content\/uploads\/2017\/09\/NOTA-consejo_soc_civil.jpg 760w\" sizes=\"(max-width: 760px) 100vw, 760px\" \/><\/strong><\/p>\n<p style=\"text-align: justify;\"><strong>Esta correspondi\u00f3 a la sesi\u00f3n n\u00famero 23 del grupo que re\u00fane a representantes del mundo acad\u00e9mico, centros de estudios y ONG.<\/strong><\/p>\n<p>  <!--more-->  <\/p>\n<p style=\"text-align: justify;\"><strong>Santiago, 30 de agosto 2017.<\/strong> Esta ma\u00f1ana se realiz\u00f3 la sesi\u00f3n N\u00b0 23 del Consejo de la Sociedad Civil de la Superintendencia del Medio Ambiente (SMA), instancia que se enmarca en el contexto de la Ley 20.500, Sobre Asociaciones y Participaci\u00f3n Ciudadana en la Gesti\u00f3n P\u00fablica.<\/p>\n<p>Dicho consejo tiene un car\u00e1cter consultivo, representativo, plural y diverso. La instancia participa en los procesos de consulta de los planes, programas o pol\u00edticas en materia de seguimiento y fiscalizaci\u00f3n ambiental que la instituci\u00f3n estime pertinente. La instancia est\u00e1 integrada por representantes de gremios, ONG, universidades y centros de estudio.<\/p>\n<p>En esta oportunidad, los consejeros discutieron sobre potenciales modificaciones tanto a la gesti\u00f3n como al marco normativo de la SMA, apuntando a la generaci\u00f3n de un informe final de propuestas hacia el t\u00e9rmino de este a\u00f1o que contenga las recomendaciones acordadas.<\/p>\n<p>De este modo, los temas sobre los cuales se debati\u00f3 en la mencionada sesi\u00f3n del Consejo de la Sociedad Civil de la SMA se refirieron a asuntos relacionados con democracia ambiental, acceso a la informaci\u00f3n, aplicaci\u00f3n del Principio 10, propuestas de mejora\/cambio en la gesti\u00f3n vinculada a plazos, a procedimientos, al seguimiento ambiental, al tratamiento a denuncias por ruidos, a la implementaci\u00f3n de programas de cumplimento, a la fiscalizaci\u00f3n y la sanci\u00f3n en general.<\/p>\n<p>Asimismo, de discuti\u00f3 en relaci\u00f3n a la metodolog\u00eda m\u00e1s adecuada para la confecci\u00f3n del mencionado informe final de propuestas.<\/p>\n","protected":false},"excerpt":{"rendered":"<p>Esta correspondi\u00f3 a la sesi\u00f3n n\u00famero 23 del grupo que re\u00fane a representantes del mundo acad\u00e9mico, centros de estudios y ONG.<\/p>\n","protected":false},"author":3,"featured_media":16810,"comment_status":"open","ping_status":"open","sticky":false,"template":"","format":"standard","meta":{"footnotes":""},"categories":[94],"tags":[],"class_list":["post-16811","post","type-post","status-publish","format-standard","has-post-thumbnail","hentry","category-notas-noticias"],"_links":{"self":[{"href":"https:\/\/portal.sma.gob.cl\/index.php\/wp-json\/wp\/v2\/posts\/16811","targetHints":{"allow":["GET"]}}],"collection":[{"href":"https:\/\/portal.sma.gob.cl\/index.php\/wp-json\/wp\/v2\/posts"}],"about":[{"href":"https:\/\/portal.sma.gob.cl\/index.php\/wp-json\/wp\/v2\/types\/post"}],"author":[{"embeddable":true,"href":"https:\/\/portal.sma.gob.cl\/index.php\/wp-json\/wp\/v2\/users\/3"}],"replies":[{"embeddable":true,"href":"https:\/\/portal.sma.gob.cl\/index.php\/wp-json\/wp\/v2\/comments?post=16811"}],"version-history":[{"count":0,"href":"https:\/\/portal.sma.gob.cl\/index.php\/wp-json\/wp\/v2\/posts\/16811\/revisions"}],"wp:featuredmedia":[{"embeddable":true,"href":"https:\/\/portal.sma.gob.cl\/index.php\/wp-json\/wp\/v2\/media\/16810"}],"wp:attachment":[{"href":"https:\/\/portal.sma.gob.cl\/index.php\/wp-json\/wp\/v2\/media?parent=16811"}],"wp:term":[{"taxonomy":"category","embeddable":true,"href":"https:\/\/portal.sma.gob.cl\/index.php\/wp-json\/wp\/v2\/categories?post=16811"},{"taxonomy":"post_tag","embeddable":true,"href":"https:\/\/portal.sma.gob.cl\/index.php\/wp-json\/wp\/v2\/tags?post=16811"}],"curies":[{"name":"wp","href":"https:\/\/api.w.org\/{rel}","templated":true}]}}