{"id":16813,"date":"2017-09-04T20:21:04","date_gmt":"2017-09-04T20:21:04","guid":{"rendered":"https:\/\/portal.sma.gob.cl\/index.php\/2017\/09\/04\/talca-sma-participa-en-conferencia-academica-sobre-la-institucionalidad-ambiental\/"},"modified":"2017-09-04T20:21:04","modified_gmt":"2017-09-04T20:21:04","slug":"talca-sma-participa-en-conferencia-academica-sobre-la-institucionalidad-ambiental","status":"publish","type":"post","link":"https:\/\/portal.sma.gob.cl\/index.php\/talca-sma-participa-en-conferencia-academica-sobre-la-institucionalidad-ambiental\/","title":{"rendered":"TALCA: SMA participa en conferencia acad\u00e9mica sobre la institucionalidad ambiental"},"content":{"rendered":"<p style=\"text-align: justify;\"><strong><img decoding=\"async\" class=\"size-auto size-full wp-image-16710\" src=\"https:\/\/portal.sma.gob.cl\/wp-content\/uploads\/2017\/05\/nota-talca.jpg\" alt=\"nota-talca\" width=\"760\" height=\"360\" \/><\/strong><\/p>\n<p style=\"text-align: justify;\"><strong>En el campus Los Niches de la Universidad de Talca se llev\u00f3 a cabo la actividad, en el marco del \u201cCiclo de Conferencias Seminario de Ingenier\u00eda Civil Industrial\u201d, de dicha casa de estudios.<\/strong><\/p>\n<p>  <!--more-->  <\/p>\n<p style=\"text-align: justify;\"><strong>Curic\u00f3, 01 de septiembre de 2017.<\/strong> En el Campus Los Niches de la Universidad de Talca se realiz\u00f3 la conferencia \u201cEvoluci\u00f3n de la Institucionalidad Ambiental en Chile\u201d, la cual se enmarc\u00f3 dentro del \u201cCiclo de Conferencias Seminario de Ingenier\u00eda Civil Industrial\u201d, de dicha casa de estudios.<\/p>\n<p style=\"text-align: justify;\">Los expositores del evento fueron Felipe Acevedo y Vicente Hevia, de la Universidad de Talca, los cuales presentaron el tema \u201cEvoluci\u00f3n de la Institucionalidad Ambiental en Chile\u201d. Posteriormente, Marcelo Hern\u00e1ndez Rojas, Ministro Titular del Primer Tribunal Ambiental, present\u00f3 el tema \u201cTribunales Ambientales: Rol del Ministro en Ciencias en el Proceso Jurisdiccional\u201d.<\/p>\n<p style=\"text-align: justify;\">Finalmente, Eduardo Pe\u00f1a M\u00fcnzenmayer, Jefe Regional del Maule de la SMA, junto a Eduardo \u00c1vila Acevedo, Profesional de dicha oficina, presentaron el tema \u201cSMA: Modelo de Fiscalizaci\u00f3n y Sanci\u00f3n\u201d. Ambos explicaron el modelo que aplica la SMA desde el a\u00f1o 2013, cuando comenz\u00f3 a operar con plenas facultades, y realizaron un repaso a los instrumentos de gesti\u00f3n ambiental que la SMA debe fiscalizar, el concepto de &#8220;Unidad Fiscalizable&#8221;, haciendo hincapi\u00e9 en la fiscalizaci\u00f3n regional, que se ve fuertemente influida por el car\u00e1cter agro-industrial de la zona.<\/p>\n<p style=\"text-align: justify;\">Al t\u00e9rmino de las presentaciones se realiz\u00f3 una ronda de consultas a los expositores por parte de alumnos y acad\u00e9micos de la Universidad de Talca.<\/p>\n","protected":false},"excerpt":{"rendered":"<p>En el campus Los Niches de la Universidad de Talca se llev\u00f3 a cabo la actividad, en el marco del \u201cCiclo de Conferencias Seminario de Ingenier\u00eda Civil Industrial\u201d, de dicha casa de estudios.<\/p>\n","protected":false},"author":3,"featured_media":16710,"comment_status":"open","ping_status":"open","sticky":false,"template":"","format":"standard","meta":{"footnotes":""},"categories":[94],"tags":[],"class_list":["post-16813","post","type-post","status-publish","format-standard","has-post-thumbnail","hentry","category-notas-noticias"],"_links":{"self":[{"href":"https:\/\/portal.sma.gob.cl\/index.php\/wp-json\/wp\/v2\/posts\/16813","targetHints":{"allow":["GET"]}}],"collection":[{"href":"https:\/\/portal.sma.gob.cl\/index.php\/wp-json\/wp\/v2\/posts"}],"about":[{"href":"https:\/\/portal.sma.gob.cl\/index.php\/wp-json\/wp\/v2\/types\/post"}],"author":[{"embeddable":true,"href":"https:\/\/portal.sma.gob.cl\/index.php\/wp-json\/wp\/v2\/users\/3"}],"replies":[{"embeddable":true,"href":"https:\/\/portal.sma.gob.cl\/index.php\/wp-json\/wp\/v2\/comments?post=16813"}],"version-history":[{"count":0,"href":"https:\/\/portal.sma.gob.cl\/index.php\/wp-json\/wp\/v2\/posts\/16813\/revisions"}],"wp:featuredmedia":[{"embeddable":true,"href":"https:\/\/portal.sma.gob.cl\/index.php\/wp-json\/wp\/v2\/media\/16710"}],"wp:attachment":[{"href":"https:\/\/portal.sma.gob.cl\/index.php\/wp-json\/wp\/v2\/media?parent=16813"}],"wp:term":[{"taxonomy":"category","embeddable":true,"href":"https:\/\/portal.sma.gob.cl\/index.php\/wp-json\/wp\/v2\/categories?post=16813"},{"taxonomy":"post_tag","embeddable":true,"href":"https:\/\/portal.sma.gob.cl\/index.php\/wp-json\/wp\/v2\/tags?post=16813"}],"curies":[{"name":"wp","href":"https:\/\/api.w.org\/{rel}","templated":true}]}}