{"id":16817,"date":"2017-09-06T12:37:09","date_gmt":"2017-09-06T12:37:09","guid":{"rendered":"https:\/\/portal.sma.gob.cl\/index.php\/2017\/09\/06\/sma-ordena-la-detencion-de-funcionamiento-de-la-central-de-pasada-carilafquen-malalcahuello\/"},"modified":"2017-09-06T12:37:09","modified_gmt":"2017-09-06T12:37:09","slug":"sma-ordena-la-detencion-de-funcionamiento-de-la-central-de-pasada-carilafquen-malalcahuello","status":"publish","type":"post","link":"https:\/\/portal.sma.gob.cl\/index.php\/sma-ordena-la-detencion-de-funcionamiento-de-la-central-de-pasada-carilafquen-malalcahuello\/","title":{"rendered":"SMA ordena la detenci\u00f3n de funcionamiento de la Central de Pasada Carilafqu\u00e9n- Malalcahuello"},"content":{"rendered":"<p style=\"text-align: justify;\"><strong><img decoding=\"async\" class=\"size-auto size-full wp-image-16816\" src=\"https:\/\/portal.sma.gob.cl\/wp-content\/uploads\/2017\/09\/NOTA-malalcahuello.jpg\" alt=\"NOTA-malalcahuello\" width=\"760\" height=\"360\" srcset=\"https:\/\/portal.sma.gob.cl\/wp-content\/uploads\/2017\/09\/NOTA-malalcahuello-200x95.jpg 200w, https:\/\/portal.sma.gob.cl\/wp-content\/uploads\/2017\/09\/NOTA-malalcahuello-300x142.jpg 300w, https:\/\/portal.sma.gob.cl\/wp-content\/uploads\/2017\/09\/NOTA-malalcahuello-400x189.jpg 400w, https:\/\/portal.sma.gob.cl\/wp-content\/uploads\/2017\/09\/NOTA-malalcahuello-600x284.jpg 600w, https:\/\/portal.sma.gob.cl\/wp-content\/uploads\/2017\/09\/NOTA-malalcahuello.jpg 760w\" sizes=\"(max-width: 760px) 100vw, 760px\" \/><\/strong><\/p>\n<p style=\"text-align: justify;\"><strong>Tras fiscalizaciones en terreno, se constataron roturas en las tuber\u00edas de aducci\u00f3n de aguas de la central, las cuales han afectado a predios de vecinos del proyecto, por lo que se detendr\u00e1 la operaci\u00f3n del funcionamiento de dichas tuber\u00edas.<\/strong><\/p>\n<p>  <!--more-->  <\/p>\n<p style=\"text-align: justify;\"><strong>Temuco, 6 de septiembre de 2017.<\/strong> Por un plazo de quince d\u00edas h\u00e1biles la SMA ha ordenado la detenci\u00f3n del funcionamiento de las dos bocatomas que permiten la extracci\u00f3n de aguas de los r\u00edos Carilafqu\u00e9n y Malalcahuello, pertenecientes a Central Hidroel\u00e9ctrica de Pasada Carilafqu\u00e9n-Malalcahuello, de la empresa Empresa El\u00e9ctrica Car\u00e9n S.A. Esta medida, busca evitar un riesgo al medio ambiente y la salud de las personas que se encuentran en las cercan\u00edas de la instalaci\u00f3n.<\/p>\n<p style=\"text-align: justify;\">Dicha central se ubica en la localidad de Car\u00e9n Bajo, comuna de Melipeuco, Regi\u00f3n de la Araucan\u00eda, y genera 29 MW. Luego de reiteradas denuncias de los vecinos del sector, se realizaron fiscalizaciones por parte de Superintendencia de Medio Ambiente en conjunto con la Direcci\u00f3n General de Aguas, constat\u00e1ndose que exist\u00edan roturas en la tuber\u00eda de aducci\u00f3n correspondiente a la bocatoma del r\u00edo Carilafqu\u00e9n, las que se han repetido durante diferentes a\u00f1os, sin informar a la autoridad ambiental. <br \/>Adicionalmente, en terreno se constat\u00f3 que existe riesgo de que se produzcan nuevas roturas en la tuber\u00eda, lo que unido a la presencia de rocas de gran tama\u00f1o y sueltas, genera un da\u00f1o inminente para la vida y salud de las personas.<\/p>\n<p style=\"text-align: justify;\">A partir de estos antecedentes es que la Superintendencia de Medio Ambiente decide detener el funcionamiento de la Central, para lo cual necesita la autorizaci\u00f3n del Tercer Tribunal Ambiental la que fue concedida el 31 de agosto de 2017. Adicionalmente, se ordena a la empresa la aplicaci\u00f3n de medidas de control y seguridad, como la realizaci\u00f3n de obras para remediar las deficiencias operacionales y de seguridad de las tuber\u00edas, como tambi\u00e9n un sistema de control de taludes y retirar rocas y escombros del proyecto en predios afectados. La medida tiene una duraci\u00f3n de 15 d\u00edas h\u00e1biles a partir de la notificaci\u00f3n.<\/p>\n<p style=\"text-align: justify;\">M\u00e1s informaci\u00f3n en el Sistema Nacional de Informaci\u00f3n de Fiscalizaci\u00f3n Ambiental (SNIFA): <a href=\"http:\/\/snifa.sma.gob.cl\/v2\/MedidaProvisional\/Ficha\/86\">http:\/\/snifa.sma.gob.cl\/v2\/MedidaProvisional\/Ficha\/86<\/a><\/p>\n","protected":false},"excerpt":{"rendered":"<p>Tras fiscalizaciones en terreno, se constataron roturas en las tuber\u00edas de aducci\u00f3n de aguas de la central, las cuales han afectado a predios de vecinos del proyecto, por lo que se detendr\u00e1 la operaci\u00f3n del funcionamiento de dichas tuber\u00edas.<\/p>\n","protected":false},"author":3,"featured_media":16816,"comment_status":"open","ping_status":"open","sticky":false,"template":"","format":"standard","meta":{"footnotes":""},"categories":[90],"tags":[],"class_list":["post-16817","post","type-post","status-publish","format-standard","has-post-thumbnail","hentry","category-comunicados-noticias"],"_links":{"self":[{"href":"https:\/\/portal.sma.gob.cl\/index.php\/wp-json\/wp\/v2\/posts\/16817","targetHints":{"allow":["GET"]}}],"collection":[{"href":"https:\/\/portal.sma.gob.cl\/index.php\/wp-json\/wp\/v2\/posts"}],"about":[{"href":"https:\/\/portal.sma.gob.cl\/index.php\/wp-json\/wp\/v2\/types\/post"}],"author":[{"embeddable":true,"href":"https:\/\/portal.sma.gob.cl\/index.php\/wp-json\/wp\/v2\/users\/3"}],"replies":[{"embeddable":true,"href":"https:\/\/portal.sma.gob.cl\/index.php\/wp-json\/wp\/v2\/comments?post=16817"}],"version-history":[{"count":0,"href":"https:\/\/portal.sma.gob.cl\/index.php\/wp-json\/wp\/v2\/posts\/16817\/revisions"}],"wp:featuredmedia":[{"embeddable":true,"href":"https:\/\/portal.sma.gob.cl\/index.php\/wp-json\/wp\/v2\/media\/16816"}],"wp:attachment":[{"href":"https:\/\/portal.sma.gob.cl\/index.php\/wp-json\/wp\/v2\/media?parent=16817"}],"wp:term":[{"taxonomy":"category","embeddable":true,"href":"https:\/\/portal.sma.gob.cl\/index.php\/wp-json\/wp\/v2\/categories?post=16817"},{"taxonomy":"post_tag","embeddable":true,"href":"https:\/\/portal.sma.gob.cl\/index.php\/wp-json\/wp\/v2\/tags?post=16817"}],"curies":[{"name":"wp","href":"https:\/\/api.w.org\/{rel}","templated":true}]}}