{"id":16819,"date":"2017-09-07T15:14:48","date_gmt":"2017-09-07T15:14:48","guid":{"rendered":"https:\/\/portal.sma.gob.cl\/index.php\/2017\/09\/07\/segunda-jornada-de-discusion-juridica-de-la-renfa\/"},"modified":"2017-09-07T15:14:48","modified_gmt":"2017-09-07T15:14:48","slug":"segunda-jornada-de-discusion-juridica-de-la-renfa","status":"publish","type":"post","link":"https:\/\/portal.sma.gob.cl\/index.php\/segunda-jornada-de-discusion-juridica-de-la-renfa\/","title":{"rendered":"Segunda jornada de discusi\u00f3n jur\u00eddica de la RENFA"},"content":{"rendered":"<p style=\"text-align: justify;\"><strong><img decoding=\"async\" class=\"size-auto size-full wp-image-16818\" src=\"https:\/\/portal.sma.gob.cl\/wp-content\/uploads\/2017\/09\/NOTA-fiscales.jpg\" alt=\"NOTA-fiscales\" width=\"760\" height=\"360\" srcset=\"https:\/\/portal.sma.gob.cl\/wp-content\/uploads\/2017\/09\/NOTA-fiscales-200x95.jpg 200w, https:\/\/portal.sma.gob.cl\/wp-content\/uploads\/2017\/09\/NOTA-fiscales-300x142.jpg 300w, https:\/\/portal.sma.gob.cl\/wp-content\/uploads\/2017\/09\/NOTA-fiscales-400x189.jpg 400w, https:\/\/portal.sma.gob.cl\/wp-content\/uploads\/2017\/09\/NOTA-fiscales-600x284.jpg 600w, https:\/\/portal.sma.gob.cl\/wp-content\/uploads\/2017\/09\/NOTA-fiscales.jpg 760w\" sizes=\"(max-width: 760px) 100vw, 760px\" \/><\/strong><\/p>\n<p style=\"text-align: justify;\"><strong>La Fiscal de la SMA, Dominique Herv\u00e9, realiz\u00f3 el an\u00e1lisis de un reciente fallo de la Corte Suprema, que ratific\u00f3 el modelo fiscalizador que se realiza junto a los 16 servicios p\u00fablicos que forman parte de la Red Nacional de Fiscalizaci\u00f3n Ambiental (RENFA).<\/strong><\/p>\n<p>  <!--more-->  <\/p>\n<p style=\"text-align: justify;\"><strong>Santiago, 5 de octubre de 2017.<\/strong> Esta ma\u00f1ana se llev\u00f3 a cabo la segunda versi\u00f3n de las Jornadas de Discusi\u00f3n Jur\u00eddica, instancia que cont\u00f3 con la presencia de fiscales, abogados y profesionales t\u00e9cnicos de diversos servicios miembros de Red Nacional de Fiscalizaci\u00f3n Ambiental (RENFA).<\/p>\n<p style=\"text-align: justify;\">En esta ocasi\u00f3n la jornada se centr\u00f3 en la revisi\u00f3n del fallo de la Corte Suprema Exportadora Los Fiordos Ltda., Rol 38340-2016, el cual se origina por un recurso de casaci\u00f3n, en forma y fondo, respecto del procedimiento administrativo sancionatorio formulado por la SMA, rol F-002-2015. La Fiscal de la SMA, Dominique Herv\u00e9, realiz\u00f3 un an\u00e1lisis extenso respecto de las principales consideraciones establecidas en el fallo del m\u00e1ximo tribunal.<\/p>\n<p style=\"text-align: justify;\">Cabe recordar que dicho procedimiento sancionatorio levant\u00f3 y sancion\u00f3 cargos asociados a infracciones de las Resoluciones de Calificaci\u00f3n Ambiental, que regulan a dieciocho Centros de engorda de Salmones (CES) de propiedad de la empresa.<\/p>\n<p style=\"text-align: justify;\">Dentro de los temas m\u00e1s relevantes discutidos en la jornada, se encuentran el reconocimiento efectuado por la Corte al modelo de coordinaci\u00f3n de la RENFA por medio de los Programas y Subprogramas de fiscalizaci\u00f3n ambiental y la posibilidad de efectuar denuncias sectoriales por parte de los organismos sectoriales \u2013como ocurri\u00f3 en este caso-. Adem\u00e1s, la Suprema confirm\u00f3 la calidad de ministro de fe de los funcionarios de los organismos sectoriales, en cuyas leyes org\u00e1nicas se les envista de dicha calidad, y el valor del acta de inspecci\u00f3n.<\/p>\n<p style=\"text-align: justify;\">Estas Jornadas de Discusi\u00f3n Jur\u00eddica son importantes para la RENFA, pues da la posibilidad a los profesionales del \u00e1rea legal de los 16 servicios p\u00fablicos que la conforman, de discutir materias asociadas a procedimientos legales.&nbsp;<\/p>\n<p style=\"text-align: justify;\">Para m\u00e1s informaci\u00f3n sobre la Red Nacional de Fiscalizaci\u00f3n Ambiental (RENFA), visitar:&nbsp;<a href=\"http:\/\/renfa.sma.gob.cl\/\">http:\/\/renfa.sma.gob.cl\/<\/a><\/p>\n","protected":false},"excerpt":{"rendered":"<p>La Fiscal de la SMA, Dominique Herv\u00e9, realiz\u00f3 el an\u00e1lisis de un reciente fallo de la Corte Suprema, que ratific\u00f3 el modelo fiscalizador que se realiza junto a los 16 servicios p\u00fablicos que forman parte de la Red Nacional de Fiscalizaci\u00f3n Ambiental (RENFA).<\/p>\n","protected":false},"author":3,"featured_media":16818,"comment_status":"open","ping_status":"open","sticky":false,"template":"","format":"standard","meta":{"footnotes":""},"categories":[94],"tags":[],"class_list":["post-16819","post","type-post","status-publish","format-standard","has-post-thumbnail","hentry","category-notas-noticias"],"_links":{"self":[{"href":"https:\/\/portal.sma.gob.cl\/index.php\/wp-json\/wp\/v2\/posts\/16819","targetHints":{"allow":["GET"]}}],"collection":[{"href":"https:\/\/portal.sma.gob.cl\/index.php\/wp-json\/wp\/v2\/posts"}],"about":[{"href":"https:\/\/portal.sma.gob.cl\/index.php\/wp-json\/wp\/v2\/types\/post"}],"author":[{"embeddable":true,"href":"https:\/\/portal.sma.gob.cl\/index.php\/wp-json\/wp\/v2\/users\/3"}],"replies":[{"embeddable":true,"href":"https:\/\/portal.sma.gob.cl\/index.php\/wp-json\/wp\/v2\/comments?post=16819"}],"version-history":[{"count":0,"href":"https:\/\/portal.sma.gob.cl\/index.php\/wp-json\/wp\/v2\/posts\/16819\/revisions"}],"wp:featuredmedia":[{"embeddable":true,"href":"https:\/\/portal.sma.gob.cl\/index.php\/wp-json\/wp\/v2\/media\/16818"}],"wp:attachment":[{"href":"https:\/\/portal.sma.gob.cl\/index.php\/wp-json\/wp\/v2\/media?parent=16819"}],"wp:term":[{"taxonomy":"category","embeddable":true,"href":"https:\/\/portal.sma.gob.cl\/index.php\/wp-json\/wp\/v2\/categories?post=16819"},{"taxonomy":"post_tag","embeddable":true,"href":"https:\/\/portal.sma.gob.cl\/index.php\/wp-json\/wp\/v2\/tags?post=16819"}],"curies":[{"name":"wp","href":"https:\/\/api.w.org\/{rel}","templated":true}]}}