{"id":16825,"date":"2017-09-11T14:50:14","date_gmt":"2017-09-11T14:50:14","guid":{"rendered":"https:\/\/portal.sma.gob.cl\/index.php\/2017\/09\/11\/talleres-norma-luminica-impuestos-verdes\/"},"modified":"2017-09-11T14:50:14","modified_gmt":"2017-09-11T14:50:14","slug":"talleres-norma-luminica-impuestos-verdes","status":"publish","type":"post","link":"https:\/\/portal.sma.gob.cl\/index.php\/talleres-norma-luminica-impuestos-verdes\/","title":{"rendered":"Impuesto verde: finaliza exitoso ciclo de talleres"},"content":{"rendered":"<p><img decoding=\"async\" class=\"size-auto size-full wp-image-16823\" src=\"https:\/\/portal.sma.gob.cl\/wp-content\/uploads\/2017\/09\/nota-iv.jpg\" alt=\"nota-iv\" width=\"760\" height=\"360\" srcset=\"https:\/\/portal.sma.gob.cl\/wp-content\/uploads\/2017\/09\/nota-iv-200x95.jpg 200w, https:\/\/portal.sma.gob.cl\/wp-content\/uploads\/2017\/09\/nota-iv-300x142.jpg 300w, https:\/\/portal.sma.gob.cl\/wp-content\/uploads\/2017\/09\/nota-iv-400x189.jpg 400w, https:\/\/portal.sma.gob.cl\/wp-content\/uploads\/2017\/09\/nota-iv-600x284.jpg 600w, https:\/\/portal.sma.gob.cl\/wp-content\/uploads\/2017\/09\/nota-iv.jpg 760w\" sizes=\"(max-width: 760px) 100vw, 760px\" \/><\/p>\n<p style=\"text-align: left;\">&nbsp;<\/p>\n<p style=\"text-align: left;\"><strong>Los talleres destinados a titulares de fuentes fijas, afectos a impuestos verdes, se realizaron en Antofagasta, Valpara\u00edso, Concepci\u00f3n y Santiago.<\/strong><\/p>\n<p>  <!--more-->  <\/p>\n<p style=\"text-align: justify;\"><strong>Santiago 11 de septiembre de 2017.<\/strong> En el marco del proceso de implementaci\u00f3n del impuesto a las emisiones de fuentes fijas afectas de acuerdo al Art\u00edculo 8\u00b0 de la Ley N\u00b0 20.780, y espec\u00edficamente respecto del sistema MRV (medici\u00f3n, reporte y verificaci\u00f3n) se realiz\u00f3 un ciclo de talleres con el objetivo de repasar las instrucciones ya dictadas por la SMA (<a href=\"https:\/\/portal.sma.gob.cl\/wp-content\/uploads\/2016\/11\/RESOL-EXENTA-N-1053-SMA.PDF\" target=\"_blank\">Res. 1053\/2016 SMA<\/a> y <a href=\"https:\/\/portal.sma.gob.cl\/wp-content\/uploads\/2017\/03\/RESOL-EXENTA-N-184-SMA.PDF\" target=\"_blank\">Res 184\/2017 SMA<\/a>), y tambi\u00e9n para presentar la \u00faltima instrucci\u00f3n t\u00e9cnica promulgada por esta Superintendencia, el \u201cInstructivo para la verificaci\u00f3n de las emisiones de fuentes fijas afectas al Art\u00edculo 8\u00b0 de la Ley N\u00b0 20.780\u201d, este documento corresponde a la <a href=\"https:\/\/portal.sma.gob.cl\/wp-content\/uploads\/2017\/09\/RESOL-EXENTA-N-962-SMA.PDF\" target=\"_blank\">Res. 962\/2017 SMA<\/a>.<\/p>\n<p style=\"text-align: justify;\">El ciclo de talleres se llev\u00f3 a cabo en las ciudades de Antofagasta, Concepci\u00f3n, Valpara\u00edso y Santiago, congregando a m\u00e1s de cien asistentes.<\/p>\n<p style=\"text-align: justify;\">Adicionalmente se cont\u00f3 con la participaci\u00f3n del Ministerio del Medio Ambiente, quien present\u00f3 un estado de avance general, de la implementaci\u00f3n de esta pol\u00edtica p\u00fablica.<br \/>&nbsp;<br \/><strong>Todos los talleres contaron con amplia participaci\u00f3n y asistencia. Las presentaciones pueden descargarse desde aqu\u00ed:<\/strong><\/p>\n<p><a class=\"doclink\" style=\"font-size: 12.16px;\" href=\"index.php?option=com_docman&amp;task=doc_download&amp;gid=620&amp;Itemid=280\"><img decoding=\"async\" class=\" size-full wp-image-15480\" src=\"https:\/\/portal.sma.gob.cl\/wp-content\/uploads\/2012\/07\/pdf.png\" alt=\"icon\" border=\"0\" width=\"16\" height=\"16\" \/>&nbsp;Taller SMA-MMA<\/a><\/p>\n<p><a class=\"doclink\" style=\"font-size: 12.16px;\" href=\"index.php?option=com_docman&amp;task=doc_download&amp;gid=621&amp;Itemid=280\"><img decoding=\"async\" class=\" size-full wp-image-15480\" src=\"https:\/\/portal.sma.gob.cl\/wp-content\/uploads\/2012\/07\/pdf.png\" alt=\"icon\" border=\"0\" width=\"16\" height=\"16\" \/>&nbsp;Instructivo de Verificacion<\/a><a class=\"doclink\" style=\"font-size: 12.16px;\" href=\"index.php?option=com_docman&amp;task=cat_view&amp;gid=6&amp;Itemid=280\">&nbsp;<\/a><\/p>\n<p><a class=\"doclink\" style=\"font-size: 12.16px;\" href=\"index.php?option=com_docman&amp;task=doc_download&amp;gid=622&amp;Itemid=280\"><img decoding=\"async\" class=\" size-full wp-image-15480\" src=\"https:\/\/portal.sma.gob.cl\/wp-content\/uploads\/2012\/07\/pdf.png\" alt=\"icon\" border=\"0\" width=\"16\" height=\"16\" \/>&nbsp;Cuantificaci\u00f3n de emisiones<\/a><\/p>\n","protected":false},"excerpt":{"rendered":"<p>&nbsp; Los talleres destinados a titulares de fuentes fijas, afectos a impuestos verdes, se realizaron en Antofagasta, Valpara\u00edso, Concepci\u00f3n y Santiago.<\/p>\n","protected":false},"author":3,"featured_media":16822,"comment_status":"open","ping_status":"open","sticky":false,"template":"","format":"standard","meta":{"footnotes":""},"categories":[94],"tags":[],"class_list":["post-16825","post","type-post","status-publish","format-standard","has-post-thumbnail","hentry","category-notas-noticias"],"_links":{"self":[{"href":"https:\/\/portal.sma.gob.cl\/index.php\/wp-json\/wp\/v2\/posts\/16825","targetHints":{"allow":["GET"]}}],"collection":[{"href":"https:\/\/portal.sma.gob.cl\/index.php\/wp-json\/wp\/v2\/posts"}],"about":[{"href":"https:\/\/portal.sma.gob.cl\/index.php\/wp-json\/wp\/v2\/types\/post"}],"author":[{"embeddable":true,"href":"https:\/\/portal.sma.gob.cl\/index.php\/wp-json\/wp\/v2\/users\/3"}],"replies":[{"embeddable":true,"href":"https:\/\/portal.sma.gob.cl\/index.php\/wp-json\/wp\/v2\/comments?post=16825"}],"version-history":[{"count":0,"href":"https:\/\/portal.sma.gob.cl\/index.php\/wp-json\/wp\/v2\/posts\/16825\/revisions"}],"wp:featuredmedia":[{"embeddable":true,"href":"https:\/\/portal.sma.gob.cl\/index.php\/wp-json\/wp\/v2\/media\/16822"}],"wp:attachment":[{"href":"https:\/\/portal.sma.gob.cl\/index.php\/wp-json\/wp\/v2\/media?parent=16825"}],"wp:term":[{"taxonomy":"category","embeddable":true,"href":"https:\/\/portal.sma.gob.cl\/index.php\/wp-json\/wp\/v2\/categories?post=16825"},{"taxonomy":"post_tag","embeddable":true,"href":"https:\/\/portal.sma.gob.cl\/index.php\/wp-json\/wp\/v2\/tags?post=16825"}],"curies":[{"name":"wp","href":"https:\/\/api.w.org\/{rel}","templated":true}]}}