{"id":16827,"date":"2017-09-14T18:02:09","date_gmt":"2017-09-14T18:02:09","guid":{"rendered":"https:\/\/portal.sma.gob.cl\/index.php\/2017\/09\/14\/arica-superintendente-franz-se-reune-con-intendenta-gladys-acuna\/"},"modified":"2017-09-14T18:02:09","modified_gmt":"2017-09-14T18:02:09","slug":"arica-superintendente-franz-se-reune-con-intendenta-gladys-acuna","status":"publish","type":"post","link":"https:\/\/portal.sma.gob.cl\/index.php\/arica-superintendente-franz-se-reune-con-intendenta-gladys-acuna\/","title":{"rendered":"ARICA: Superintendente Franz se re\u00fane con Intendenta Gladys Acu\u00f1a"},"content":{"rendered":"<p style=\"text-align: justify;\">&nbsp;<img decoding=\"async\" class=\"size-auto size-full wp-image-16826\" src=\"https:\/\/portal.sma.gob.cl\/wp-content\/uploads\/2017\/09\/NOTA-Arica_intendenta.jpg\" alt=\"NOTA-Arica intendenta\" width=\"760\" height=\"360\" srcset=\"https:\/\/portal.sma.gob.cl\/wp-content\/uploads\/2017\/09\/NOTA-Arica_intendenta-200x95.jpg 200w, https:\/\/portal.sma.gob.cl\/wp-content\/uploads\/2017\/09\/NOTA-Arica_intendenta-300x142.jpg 300w, https:\/\/portal.sma.gob.cl\/wp-content\/uploads\/2017\/09\/NOTA-Arica_intendenta-400x189.jpg 400w, https:\/\/portal.sma.gob.cl\/wp-content\/uploads\/2017\/09\/NOTA-Arica_intendenta-600x284.jpg 600w, https:\/\/portal.sma.gob.cl\/wp-content\/uploads\/2017\/09\/NOTA-Arica_intendenta.jpg 760w\" sizes=\"(max-width: 760px) 100vw, 760px\" \/><\/p>\n<p style=\"text-align: justify;\"><strong>En la reuni\u00f3n protocolar se abordaron procesos de fiscalizaci\u00f3n y sanci\u00f3n regionales.<\/strong><\/p>\n<p>  <!--more-->  <\/p>\n<p style=\"text-align: justify;\"><strong>Arica, 13 de septiembre de 2017.<\/strong> Esta ma\u00f1ana el Superintendente del Medio Ambiente, Cristi\u00e1n Franz, se reuni\u00f3 con la Intendenta de la Regi\u00f3n de Arica y Parinacota, Gladys Acu\u00f1a, con quien sostuvo una reuni\u00f3n protocolar, para dar a conocer las actividades que ha desarrollado la SMA en la regi\u00f3n.<\/p>\n<p style=\"text-align: justify;\">En la actividad tambi\u00e9n particip\u00f3 el Seremi de Medio Ambiente, Cristi\u00e1n Cruces, y se abordaron los procesos de fiscalizaci\u00f3n de la Superintendencia en la regi\u00f3n, explicando la labor desarrollada en cuanto a proyectos con Resoluci\u00f3n de Calificaci\u00f3n Ambiental.<\/p>\n<p style=\"text-align: justify;\">El Superintendente explic\u00f3 que en esta visita a la regi\u00f3n, pudo visitar las Unidades Fiscalizables que se encuentran dentro del Parque Nacional Lauca, como lo son el Complejo Fronterizo Chungar\u00e1, que est\u00e1 realizando obras dentro de un Programa de Cumplimiento, para solucionar algunos incumplimientos ambientales detectados durante el proceso de construcci\u00f3n del recinto, y tambi\u00e9n la ruta 11CH, que est\u00e1 construyendo el MOP, y que se encuentra con un reciente proceso de sanci\u00f3n.<\/p>\n<hr \/>\n<p style=\"text-align: justify;\">&nbsp;<\/p>\n<p style=\"text-align: justify;\">PARA M\u00c1S INFORMACI\u00d3N SOBRE LOS PROCEDIMIENTO SANCIONATORIOS: <a href=\"index.php\/noticias\/comunicados\/879-arica-superintendente-recorre-unidades-fiscalizables-dentro-del-parque-nacional-lauca\">VER NOTA RELACIONADA.<\/a><\/p>\n","protected":false},"excerpt":{"rendered":"<p>&nbsp; En la reuni\u00f3n protocolar se abordaron procesos de fiscalizaci\u00f3n y sanci\u00f3n regionales.<\/p>\n","protected":false},"author":3,"featured_media":16826,"comment_status":"open","ping_status":"open","sticky":false,"template":"","format":"standard","meta":{"footnotes":""},"categories":[94],"tags":[],"class_list":["post-16827","post","type-post","status-publish","format-standard","has-post-thumbnail","hentry","category-notas-noticias"],"_links":{"self":[{"href":"https:\/\/portal.sma.gob.cl\/index.php\/wp-json\/wp\/v2\/posts\/16827","targetHints":{"allow":["GET"]}}],"collection":[{"href":"https:\/\/portal.sma.gob.cl\/index.php\/wp-json\/wp\/v2\/posts"}],"about":[{"href":"https:\/\/portal.sma.gob.cl\/index.php\/wp-json\/wp\/v2\/types\/post"}],"author":[{"embeddable":true,"href":"https:\/\/portal.sma.gob.cl\/index.php\/wp-json\/wp\/v2\/users\/3"}],"replies":[{"embeddable":true,"href":"https:\/\/portal.sma.gob.cl\/index.php\/wp-json\/wp\/v2\/comments?post=16827"}],"version-history":[{"count":0,"href":"https:\/\/portal.sma.gob.cl\/index.php\/wp-json\/wp\/v2\/posts\/16827\/revisions"}],"wp:featuredmedia":[{"embeddable":true,"href":"https:\/\/portal.sma.gob.cl\/index.php\/wp-json\/wp\/v2\/media\/16826"}],"wp:attachment":[{"href":"https:\/\/portal.sma.gob.cl\/index.php\/wp-json\/wp\/v2\/media?parent=16827"}],"wp:term":[{"taxonomy":"category","embeddable":true,"href":"https:\/\/portal.sma.gob.cl\/index.php\/wp-json\/wp\/v2\/categories?post=16827"},{"taxonomy":"post_tag","embeddable":true,"href":"https:\/\/portal.sma.gob.cl\/index.php\/wp-json\/wp\/v2\/tags?post=16827"}],"curies":[{"name":"wp","href":"https:\/\/api.w.org\/{rel}","templated":true}]}}