{"id":16834,"date":"2017-09-26T19:23:23","date_gmt":"2017-09-26T19:23:23","guid":{"rendered":"https:\/\/portal.sma.gob.cl\/index.php\/2017\/09\/26\/sma-firma-convenio-de-colaboracion-con-la-municipalidad-de-concepcion\/"},"modified":"2017-09-26T19:23:23","modified_gmt":"2017-09-26T19:23:23","slug":"sma-firma-convenio-de-colaboracion-con-la-municipalidad-de-concepcion","status":"publish","type":"post","link":"https:\/\/portal.sma.gob.cl\/index.php\/sma-firma-convenio-de-colaboracion-con-la-municipalidad-de-concepcion\/","title":{"rendered":"SMA firma convenio de colaboraci\u00f3n con la Municipalidad de Concepci\u00f3n"},"content":{"rendered":"<p style=\"text-align: justify;\"><strong><img decoding=\"async\" class=\"size-auto size-full wp-image-16833\" src=\"https:\/\/portal.sma.gob.cl\/wp-content\/uploads\/2017\/09\/NOTA-foto_convenio_Concepci%C3%B3n.jpg\" alt=\"NOTA-foto convenio Concepci\u00f3n\" width=\"760\" height=\"360\" \/><\/strong><\/p>\n<p style=\"text-align: justify;\"><strong>El acuerdo busca entregar capacitaci\u00f3n a los funcionarios municipales para que puedan medir ruidos molestos en la comuna, utilizando son\u00f3metros calibrados y con las t\u00e9cnicas que se deben aplicar seg\u00fan el Decreto Supremo N\u00b038.<\/strong><\/p>\n<p>  <!--more-->  <\/p>\n<p style=\"text-align: justify;\"><strong>Concepci\u00f3n, 26 de septiembre de 2016.<\/strong> Esta ma\u00f1ana el Superintendente del Medio Ambiente, Cristi\u00e1n Franz Thorud, firm\u00f3 un convenio con el alcalde (s) de la Municipalidad de Concepci\u00f3n, Aldo Mardones Alarc\u00f3n, con el objetivo de colaborar en la capacitaci\u00f3n de funcionarios municipales para que puedan medir ruidos molestos en la comuna, utilizando son\u00f3metros calibrados y con las t\u00e9cnicas que se deben aplicar seg\u00fan el Decreto Supremo N\u00b038 de 2011.<\/p>\n<p style=\"text-align: justify;\">Cabe se\u00f1alar que las denuncias por ruidos molestos provenientes de fuentes fijas, es la principal causa de reclamos ante la SMA, con cerca del 50% de las causas al a\u00f1o. Entre las fuentes m\u00e1s denunciadas se encuentran locales de entretenimiento nocturno (pubs, discoteques), construcciones de edificios y funcionamiento de f\u00e1bricas\/empresas.<\/p>\n<p style=\"text-align: justify;\">El municipio de Concepci\u00f3n recibe un promedio de 12 reclamos de este tipo cada mes, los que de acuerdo a la normativa (el Decreto Supremo N\u00b038.) deben ser derivados a la Superintendencia, pero ahora los funcionarios municipales ser\u00e1n capacitados y podr\u00e1n hacer mediciones que remitir\u00e1n a ese organismo para que contin\u00fae el proceso sancionatorio, agilizando de esta forma el tr\u00e1mite.<\/p>\n<p style=\"text-align: justify;\">El alcalde (s) indic\u00f3 que \u201ctenemos muchos requerimientos de vecinos de Concepci\u00f3n para fiscalizar la emisi\u00f3n de ruidos en la comuna, fundamentalmente en fuentes fijas como la construcci\u00f3n, los pubs y discoteques, pero hasta ahora el municipio no ten\u00eda competencia. Ahora esto nos permite fiscalizar estas fuentes fijas y los principales puntos en que estamos teniendo conflictos para la comunidad, pero queremos mejorar tambi\u00e9n con educaci\u00f3n y capacitaci\u00f3n\u201d.<\/p>\n<p style=\"text-align: justify;\">El Superintendente Franz explic\u00f3 que \u201cel objetivo es que los funcionarios de la municipalidad queden capacitados para realizar por cuenta propia actividades de fiscalizaci\u00f3n en materia de ruidos. Esto significa que recibida una denuncia en la municipalidad de Concepci\u00f3n por ruidos molestos generados por fuentes fijas, los funcionarios puedan acudir directamente, sin tener que pedir autorizaci\u00f3n o pasar por la Superintendencia, hacer su fiscalizaci\u00f3n, medir con un son\u00f3metro y en el caso que detectaren que se supera una norma del decreto 38 pueden hacer la denuncia a la Superintendencia y nosotros la procesamos con rapidez. Lo que estamos haciendo entonces es potenciar nuestra capacidad para actuar en terreno y llegar con una respuesta m\u00e1s oportuna a los vecinos\u201d.<\/p>\n<p style=\"text-align: justify;\">\u201cNosotros esperamos disminuir el tiempo de respuesta a las m\u00faltiples denuncias de ruidos que recibimos y que hoy d\u00eda derivamos a la Superintendencia y que ellos a su vez le piden a la seremi de Salud que mida para dar inicio a los procesos si es que la norma ha sido sobrepasada. Lo que vamos a hacer ahora es enviar los informes validados con la medici\u00f3n de ruidos y esto significar\u00e1 en promedio unos dos meses menos de tramitaci\u00f3n\u201d, explic\u00f3 la directora de Medio Ambiente del municipio, Andrea Aste.<\/p>\n<p style=\"text-align: justify;\">Agreg\u00f3 que tambi\u00e9n se buscar\u00e1 difundir la normativa entre las entidades sujetas a fiscalizaci\u00f3n. \u201cAnalizando que la mayor cantidad de denuncias que la SMA en la comuna son por ruidos y que de \u00e9sas muchas son de construcciones y considerando adem\u00e1s la cantidad de proyectos existentes y los que van a ingresar a la Direcci\u00f3n de Obras del municipio (DOM), se har\u00e1 un taller en conjunto para poder informarles a las empresas y as\u00ed ayudar a mitigar el impacto a las comunidades cercanas a cada construcci\u00f3n\u201d.<\/p>\n<h3 style=\"text-align: justify;\">Alcances del convenio<\/h3>\n<p style=\"text-align: justify;\">La municipalidad de Concepci\u00f3n deber\u00e1 verificar que las fuentes de ruido denunciadas correspondan a aquellas definidas en la norma de emisi\u00f3n. Para presentar denuncias ante la SMA la Municipalidad deber\u00e1:<br \/>\u2022 Identificar la fuente emisora de ruido (nombre o raz\u00f3n social, direcci\u00f3n, tipo de actividad que desarrolla); <br \/>\u2022 Identificar a los denunciantes (nombre, tel\u00e9fono de contacto y direcci\u00f3n); <br \/>\u2022 Describir la denuncia (periodos de funcionamiento en d\u00edas y horas, descripci\u00f3n del ruido que motiva la denuncia, entre otros).<\/p>\n<p style=\"text-align: justify;\">Por su parte, la SMA se compromete a realizar capacitaciones respecto del sentido y alcance de la norma de emisi\u00f3n; de las metodolog\u00edas aplicables a la medici\u00f3n de ruido, uso de equipo, zonificaci\u00f3n, entre otros. Del mismo modo, se compromete a brindar apoyo t\u00e9cnico para la adquisici\u00f3n de equipamiento por parte del municipio, as\u00ed como para el desarrollo o mejoramiento de la ordenanza sobre este tema espec\u00edfico.<\/p>\n","protected":false},"excerpt":{"rendered":"<p>El acuerdo busca entregar capacitaci\u00f3n a los funcionarios municipales para que puedan medir ruidos molestos en la comuna, utilizando son\u00f3metros calibrados y con las t\u00e9cnicas que se deben aplicar seg\u00fan el Decreto Supremo N\u00b038.<\/p>\n","protected":false},"author":3,"featured_media":16833,"comment_status":"open","ping_status":"open","sticky":false,"template":"","format":"standard","meta":{"footnotes":""},"categories":[90],"tags":[],"class_list":["post-16834","post","type-post","status-publish","format-standard","has-post-thumbnail","hentry","category-comunicados-noticias"],"_links":{"self":[{"href":"https:\/\/portal.sma.gob.cl\/index.php\/wp-json\/wp\/v2\/posts\/16834","targetHints":{"allow":["GET"]}}],"collection":[{"href":"https:\/\/portal.sma.gob.cl\/index.php\/wp-json\/wp\/v2\/posts"}],"about":[{"href":"https:\/\/portal.sma.gob.cl\/index.php\/wp-json\/wp\/v2\/types\/post"}],"author":[{"embeddable":true,"href":"https:\/\/portal.sma.gob.cl\/index.php\/wp-json\/wp\/v2\/users\/3"}],"replies":[{"embeddable":true,"href":"https:\/\/portal.sma.gob.cl\/index.php\/wp-json\/wp\/v2\/comments?post=16834"}],"version-history":[{"count":0,"href":"https:\/\/portal.sma.gob.cl\/index.php\/wp-json\/wp\/v2\/posts\/16834\/revisions"}],"wp:featuredmedia":[{"embeddable":true,"href":"https:\/\/portal.sma.gob.cl\/index.php\/wp-json\/wp\/v2\/media\/16833"}],"wp:attachment":[{"href":"https:\/\/portal.sma.gob.cl\/index.php\/wp-json\/wp\/v2\/media?parent=16834"}],"wp:term":[{"taxonomy":"category","embeddable":true,"href":"https:\/\/portal.sma.gob.cl\/index.php\/wp-json\/wp\/v2\/categories?post=16834"},{"taxonomy":"post_tag","embeddable":true,"href":"https:\/\/portal.sma.gob.cl\/index.php\/wp-json\/wp\/v2\/tags?post=16834"}],"curies":[{"name":"wp","href":"https:\/\/api.w.org\/{rel}","templated":true}]}}