{"id":16836,"date":"2017-09-27T13:26:01","date_gmt":"2017-09-27T13:26:01","guid":{"rendered":"https:\/\/portal.sma.gob.cl\/index.php\/2017\/09\/27\/profesionales-de-la-sma-participan-en-curso-internacional-de-investigacion-de-crimenes-ambientales\/"},"modified":"2017-09-27T13:26:01","modified_gmt":"2017-09-27T13:26:01","slug":"profesionales-de-la-sma-participan-en-curso-internacional-de-investigacion-de-crimenes-ambientales","status":"publish","type":"post","link":"https:\/\/portal.sma.gob.cl\/index.php\/profesionales-de-la-sma-participan-en-curso-internacional-de-investigacion-de-crimenes-ambientales\/","title":{"rendered":"Profesionales de la SMA participan en Curso Internacional de \u201cInvestigaci\u00f3n de Cr\u00edmenes Ambientales\u201d"},"content":{"rendered":"<p style=\"text-align: justify;\"><strong><img decoding=\"async\" class=\"size-auto size-full wp-image-16835\" src=\"https:\/\/portal.sma.gob.cl\/wp-content\/uploads\/2017\/09\/NOTA-Ibama_curso.jpg\" alt=\"NOTA-Ibama curso\" width=\"760\" height=\"360\" srcset=\"https:\/\/portal.sma.gob.cl\/wp-content\/uploads\/2017\/09\/NOTA-Ibama_curso-200x95.jpg 200w, https:\/\/portal.sma.gob.cl\/wp-content\/uploads\/2017\/09\/NOTA-Ibama_curso-300x142.jpg 300w, https:\/\/portal.sma.gob.cl\/wp-content\/uploads\/2017\/09\/NOTA-Ibama_curso-400x189.jpg 400w, https:\/\/portal.sma.gob.cl\/wp-content\/uploads\/2017\/09\/NOTA-Ibama_curso-600x284.jpg 600w, https:\/\/portal.sma.gob.cl\/wp-content\/uploads\/2017\/09\/NOTA-Ibama_curso.jpg 760w\" sizes=\"(max-width: 760px) 100vw, 760px\" \/><\/strong><\/p>\n<p style=\"text-align: justify;\"><strong>Esta semana se desarrolla en Brasilia la actividad que permite capacitar a funcionarios de las instituciones que integran la Red Sudamericana de Fiscalizaci\u00f3n y Cumplimiento Ambiental.<\/strong><\/p>\n<p>  <!--more-->  <\/p>\n<p style=\"text-align: justify;\"><strong>Brasilia, 26 de septiembre de 2017.<\/strong> En la capital de Brasil, Brasilia, se desarrollar\u00e1 toda esta semana el curso internacional \u201cInvestigaci\u00f3n de Cr\u00edmenes Ambientales\u201d que tiene como objetivo capacitar al personal t\u00e9cnico y profesional de las instituciones que integran la Red Sudamericana de Fiscalizaci\u00f3n y Cumplimiento Ambiental \u2013 REDSUFICA en la planificaci\u00f3n, investigaci\u00f3n y ejecuci\u00f3n de la fiscalizaci\u00f3n ambiental.<\/p>\n<p style=\"text-align: justify;\">Esta actividad es una iniciativa de la Agencia de Protecci\u00f3n Ambiental de Estados Unidos (US \u2013 EPA), en asociaci\u00f3n con el Instituto Brasile\u00f1o del Medio Ambiente y Recursos Naturales Renovables (IBAMA) y la REDSUFICA a fin de estrechar las relaciones entre organizaciones p\u00fablicas de fiscalizaci\u00f3n ambiental en el continente americano.<\/p>\n<p style=\"text-align: justify;\">Por parte de la SMA participan tres profesionales: Hugo Ram\u00edrez y Sigrid Scheel, ambos de la Oficina Regional del Biob\u00edo, y Benjam\u00edn Muhr, de la Divisi\u00f3n de Sanci\u00f3n y Cumplimiento RM.<\/p>\n<p style=\"text-align: justify;\">El curso, que consta de cuatro jornadas, estudiar\u00e1 el manejo de escenas de cr\u00edmenes ambientales, estudiar\u00e1 casos como el de Duke Energy, embarcaciones petroleras y plataformas, Terminix, y la regulaci\u00f3n de pesticidas y fumigantes. A la vez, abordar\u00e1 ejercicios pr\u00e1cticos de investigaci\u00f3n, entrevistas a expertos\/testigos, muestreo y an\u00e1lisis, y tambi\u00e9n abordar\u00e1 los obst\u00e1culos a la fiscalizaci\u00f3n de cr\u00edmenes ambientales.<\/p>\n<p style=\"text-align: justify;\">Para m\u00e1s informaci\u00f3n, visitar: <a href=\"http:\/\/www.redsufica.org\/noticias\/curso-internacional-de-investigacion-de-crimenes-ambientales\">http:\/\/www.redsufica.org\/noticias\/curso-internacional-de-investigacion-de-crimenes-ambientales<\/a><\/p>\n","protected":false},"excerpt":{"rendered":"<p>Esta semana se desarrolla en Brasilia la actividad que permite capacitar a funcionarios de las instituciones que integran la Red Sudamericana de Fiscalizaci\u00f3n y Cumplimiento Ambiental.<\/p>\n","protected":false},"author":3,"featured_media":16835,"comment_status":"open","ping_status":"open","sticky":false,"template":"","format":"standard","meta":{"footnotes":""},"categories":[94],"tags":[],"class_list":["post-16836","post","type-post","status-publish","format-standard","has-post-thumbnail","hentry","category-notas-noticias"],"_links":{"self":[{"href":"https:\/\/portal.sma.gob.cl\/index.php\/wp-json\/wp\/v2\/posts\/16836","targetHints":{"allow":["GET"]}}],"collection":[{"href":"https:\/\/portal.sma.gob.cl\/index.php\/wp-json\/wp\/v2\/posts"}],"about":[{"href":"https:\/\/portal.sma.gob.cl\/index.php\/wp-json\/wp\/v2\/types\/post"}],"author":[{"embeddable":true,"href":"https:\/\/portal.sma.gob.cl\/index.php\/wp-json\/wp\/v2\/users\/3"}],"replies":[{"embeddable":true,"href":"https:\/\/portal.sma.gob.cl\/index.php\/wp-json\/wp\/v2\/comments?post=16836"}],"version-history":[{"count":0,"href":"https:\/\/portal.sma.gob.cl\/index.php\/wp-json\/wp\/v2\/posts\/16836\/revisions"}],"wp:featuredmedia":[{"embeddable":true,"href":"https:\/\/portal.sma.gob.cl\/index.php\/wp-json\/wp\/v2\/media\/16835"}],"wp:attachment":[{"href":"https:\/\/portal.sma.gob.cl\/index.php\/wp-json\/wp\/v2\/media?parent=16836"}],"wp:term":[{"taxonomy":"category","embeddable":true,"href":"https:\/\/portal.sma.gob.cl\/index.php\/wp-json\/wp\/v2\/categories?post=16836"},{"taxonomy":"post_tag","embeddable":true,"href":"https:\/\/portal.sma.gob.cl\/index.php\/wp-json\/wp\/v2\/tags?post=16836"}],"curies":[{"name":"wp","href":"https:\/\/api.w.org\/{rel}","templated":true}]}}